{"id":1566,"date":"2018-03-11T08:00:08","date_gmt":"2018-03-11T07:00:08","guid":{"rendered":"https:\/\/www.quinoaetbasmati.fr\/?p=1566"},"modified":"2021-11-17T10:34:01","modified_gmt":"2021-11-17T09:34:01","slug":"carres-fondants-au-potimarron","status":"publish","type":"post","link":"https:\/\/www.quinoaetbasmati.fr\/index.php\/2018\/03\/11\/carres-fondants-au-potimarron\/","title":{"rendered":"Carr\u00e9s fondants au potimarron aux \u00e9pices d&rsquo;automne-sans gluten, sans lait"},"content":{"rendered":"<p><span style=\"font-size: 12pt; font-family: 'times new roman', times, serif;\">En <a href=\"https:\/\/www.quinoaetbasmati.fr\/index.php\/2017\/10\/19\/comfortsoupes-dautomne\/\">soupe<\/a>&#8230;done!<\/span><\/p>\n<p><span style=\"font-size: 12pt; font-family: 'times new roman', times, serif;\"><a href=\"https:\/\/www.quinoaetbasmati.fr\/index.php\/2017\/10\/03\/potimarron-roti-a-lail\/\">R\u00f4ti<\/a>&#8230;done aussi!<\/span><\/p>\n<p><span style=\"font-size: 12pt; font-family: 'times new roman', times, serif;\">en <strong>g\u00e2teau<\/strong>&#8230;non?!<\/span><\/p>\n<p><span style=\"font-size: 12pt; font-family: 'times new roman', times, serif;\">et bien si!<\/span><\/p>\n<p><span style=\"font-size: 12pt; font-family: 'times new roman', times, serif;\">Oh aller, on en est plus l\u00e0!<\/span><\/p>\n<p><span style=\"font-size: 12pt; font-family: 'times new roman', times, serif;\">Maintenant qu&rsquo;on se d\u00e9lecte de <a href=\"https:\/\/www.quinoaetbasmati.fr\/index.php\/2017\/11\/03\/mini-cakes-a-la-patate-douce\/\">minis cakes \u00e0 la patate<\/a><a href=\"https:\/\/www.quinoaetbasmati.fr\/index.php\/2017\/11\/03\/mini-cakes-a-la-patate-douce\/\"> douce<\/a> \u00e0 tout va, qu&rsquo;on encha\u00eene les fourn\u00e9es de <a href=\"https:\/\/www.quinoaetbasmati.fr\/index.php\/2017\/10\/07\/terrible-carrot-cake\/\">carrot&rsquo;cake<\/a>, qu&rsquo;on fait ses dimanches de <a href=\"https:\/\/www.quinoaetbasmati.fr\/index.php\/2017\/07\/30\/brownie-a-lavocat-aux-eclats-de-noisettes\/\">brownie \u00e0 l&rsquo;avocat<\/a>, on ne va pas se laisser impressionner par une <strong>courge<\/strong> qui s&rsquo;incruste au <strong>go\u00fbter<\/strong>!<\/span><\/p>\n<p><span style=\"font-size: 12pt; font-family: 'times new roman', times, serif;\">Enfin, s&rsquo;il subsiste encore l&rsquo;ombre d&rsquo;un doute, ces<strong> carr\u00e9s fondants au potimarron aux \u00e9pices\u00a0<\/strong>finiront de plaider la cause du <strong>l\u00e9gume \u00e0 l&rsquo;heure du th\u00e9<\/strong>&#8230;<\/span><\/p>\n<p>&nbsp;<\/p>\n<p style=\"text-align: center;\"><span style=\"font-size: 12pt; font-family: 'times new roman', times, serif;\"><strong>Ingr\u00e9dients<\/strong><\/span><\/p>\n<p>&nbsp;<\/p>\n<ul>\n<li><span style=\"font-size: 12pt; font-family: 'times new roman', times, serif;\">150 gr de pur\u00e9e de courge (soit 350 gr de courge enti\u00e8re, non \u00e9pluch\u00e9e, avec les p\u00e9pins)<\/span><\/li>\n<li><span style=\"font-size: 12pt; font-family: 'times new roman', times, serif;\">50 gr de poudre d&rsquo;amande<\/span><\/li>\n<li><span style=\"font-size: 12pt; font-family: 'times new roman', times, serif;\">50 gr de farine de riz semi-complet<\/span><\/li>\n<li><span style=\"font-size: 12pt; font-family: 'times new roman', times, serif;\">1 \u0153uf<\/span><\/li>\n<li><span style=\"font-size: 12pt; font-family: 'times new roman', times, serif;\">3 cuill\u00e8res \u00e0 soupe de sucre complet<\/span><\/li>\n<li><span style=\"font-size: 12pt; font-family: 'times new roman', times, serif;\">le jus d&rsquo;une demi orange<\/span><\/li>\n<li><span style=\"font-size: 12pt; font-family: 'times new roman', times, serif;\">le zeste d&rsquo;une demi orange<\/span><\/li>\n<li><span style=\"font-size: 12pt; font-family: 'times new roman', times, serif;\">1 cuill\u00e8re \u00e0 caf\u00e9 de poudre \u00e0 lever sans gluten<\/span><\/li>\n<li><span style=\"font-size: 12pt; font-family: 'times new roman', times, serif;\">1 cuill\u00e8re \u00e0 caf\u00e9 de cannelle<\/span><\/li>\n<li><span style=\"font-size: 12pt; font-family: 'times new roman', times, serif;\">1\/2 cuill\u00e8re \u00e0 caf\u00e9 de gingembre en poudre<\/span><\/li>\n<\/ul>\n<p>&nbsp;<\/p>\n<p style=\"text-align: center;\"><span style=\"font-size: 12pt; font-family: 'times new roman', times, serif;\"><strong>Tambouille<\/strong><\/span><\/p>\n<p>&nbsp;<\/p>\n<p><span style=\"font-size: 12pt; font-family: 'times new roman', times, serif;\"><strong>Lavez<\/strong> la courge et \u00e9p\u00e9pinez la, faites la cuire dans une casserole d&rsquo;eau chaude environ 20 minutes<\/span><\/p>\n<p><span style=\"font-size: 12pt; font-family: 'times new roman', times, serif;\"><strong>Sortez<\/strong> la courge de l&rsquo;eau, \u00e9pluchez la et <strong>r\u00e9duisez-la<\/strong> en pur\u00e9e \u00e0 l&rsquo;aide d&rsquo;un mixeur<\/span><\/p>\n<p><span style=\"font-size: 12pt; font-family: 'times new roman', times, serif;\"><strong>Ajoutez<\/strong> \u00e0 la pur\u00e9e la poudre d&rsquo;amande, la farine, le sucre, la levure et les \u00e9pices<\/span><\/p>\n<p><span style=\"font-size: 12pt; font-family: 'times new roman', times, serif;\"><strong>M\u00e9langez<\/strong><\/span><\/p>\n<p><span style=\"font-size: 12pt; font-family: 'times new roman', times, serif;\"><strong>Ajoutez<\/strong> l\u2019\u0153uf ainsi que le jus et le zeste d&rsquo;orange, <strong>m\u00e9langez<\/strong><\/span><\/p>\n<p><span style=\"font-size: 12pt; font-family: 'times new roman', times, serif;\"><strong>Couvrez<\/strong> un plat rectangulaire de papier cuisson et <strong>versez-y<\/strong> la pr\u00e9paration<\/span><\/p>\n<p><span style=\"font-size: 12pt; font-family: 'times new roman', times, serif;\"><strong>Faites cuire <\/strong>35 \u00e0 40\u00a0minutes \u00e0 180\u00b0<\/span><\/p>\n<p><span style=\"font-size: 12pt; font-family: 'times new roman', times, serif;\"><strong>Laissez refroidir, coupez <\/strong>en carr\u00e9s\u00a0et&#8230;<\/span><\/p>\n<p>&nbsp;<\/p>\n<p style=\"text-align: center;\"><span style=\"font-size: 12pt; font-family: 'times new roman', times, serif;\"><strong>D\u00e9gustez&#8230;<\/strong><\/span><\/p>\n<p style=\"text-align: center;\"><span style=\"font-size: 12pt; font-family: 'times new roman', times, serif;\"><strong>D\u00e9gustez VRAIMENT&#8230;(<\/strong>c&rsquo;est une petite tuerie!)<\/span><\/p>\n<p>&nbsp;<\/p>\n<p><em>P.S: Un commentaire = une Sarra aux anges, utilisez #lesrecettesdequinoa sur instagram<\/em><\/p>\n","protected":false},"excerpt":{"rendered":"<p>En soupe&#8230;done! R\u00f4ti&#8230;done aussi! en g\u00e2teau&#8230;non?! et bien si! Oh aller, on en est plus l\u00e0! Maintenant qu&rsquo;on se d\u00e9lecte de minis cakes \u00e0 la patate douce \u00e0 tout va, qu&rsquo;on encha\u00eene les fourn\u00e9es de carrot&rsquo;cake, qu&rsquo;on fait ses dimanches de brownie \u00e0 l&rsquo;avocat, on [&hellip;]<\/p>\n","protected":false},"author":1,"featured_media":1598,"comment_status":"open","ping_status":"open","sticky":false,"template":"","format":"standard","meta":{"footnotes":""},"categories":[910,540],"tags":[154,156,1719,388,413,390,389,391,320,244,35,36,392,151,15,16,59],"class_list":["post-1566","post","type-post","status-publish","format-standard","has-post-thumbnail","hentry","category-coin-sucre","category-gateaux-cakes-et-brownies","tag-automne","tag-cannelle","tag-epices","tag-fondantaupotimarron","tag-gateau","tag-gateaualacourge","tag-gateauaupotimarron","tag-gateaudelegumes","tag-gateausansgluten","tag-gouterhealthy","tag-goutersansgluten","tag-goutersanslactose","tag-orangecannelle","tag-potimarron","tag-sansgluten","tag-sanslactose","tag-sanslait"],"yoast_head":"<!-- This site is optimized with the Yoast SEO plugin v24.4 - https:\/\/yoast.com\/wordpress\/plugins\/seo\/ -->\n<title>Carr\u00e9s fondants au potimarron aux \u00e9pices d&#039;automne-sans gluten, sans lait - Quinoa et Basmati<\/title>\n<meta name=\"description\" content=\"Recette de carr\u00e9s fondants au potimarron et \u00e9pices d&#039;automnes, sans gluten, sans produit laitier sans sucre raffin\u00e9\" \/>\n<meta name=\"robots\" content=\"index, follow, max-snippet:-1, max-image-preview:large, max-video-preview:-1\" \/>\n<link rel=\"canonical\" href=\"https:\/\/www.quinoaetbasmati.fr\/index.php\/2018\/03\/11\/carres-fondants-au-potimarron\/\" \/>\n<meta property=\"og:locale\" content=\"fr_FR\" \/>\n<meta property=\"og:type\" content=\"article\" \/>\n<meta property=\"og:title\" content=\"Carr\u00e9s fondants au potimarron aux \u00e9pices d&#039;automne-sans gluten, sans lait - Quinoa et Basmati\" \/>\n<meta property=\"og:description\" content=\"Recette de carr\u00e9s fondants au potimarron et \u00e9pices d&#039;automnes, sans gluten, sans produit laitier sans sucre raffin\u00e9\" \/>\n<meta property=\"og:url\" content=\"https:\/\/www.quinoaetbasmati.fr\/index.php\/2018\/03\/11\/carres-fondants-au-potimarron\/\" \/>\n<meta property=\"og:site_name\" content=\"Quinoa et Basmati\" \/>\n<meta property=\"article:published_time\" content=\"2018-03-11T07:00:08+00:00\" \/>\n<meta property=\"article:modified_time\" content=\"2021-11-17T09:34:01+00:00\" \/>\n<meta property=\"og:image\" content=\"https:\/\/www.quinoaetbasmati.fr\/wp-content\/uploads\/2018\/03\/carr\u00e9s-1-scaled.jpg\" \/>\n\t<meta property=\"og:image:width\" content=\"2560\" \/>\n\t<meta property=\"og:image:height\" content=\"1782\" \/>\n\t<meta property=\"og:image:type\" content=\"image\/jpeg\" \/>\n<meta name=\"author\" content=\"Sarra\" \/>\n<meta name=\"twitter:card\" content=\"summary_large_image\" \/>\n<meta name=\"twitter:label1\" content=\"\u00c9crit par\" \/>\n\t<meta name=\"twitter:data1\" content=\"Sarra\" \/>\n\t<meta name=\"twitter:label2\" content=\"Dur\u00e9e de lecture estim\u00e9e\" \/>\n\t<meta name=\"twitter:data2\" content=\"1 minute\" \/>\n<script type=\"application\/ld+json\" class=\"yoast-schema-graph\">{\"@context\":\"https:\/\/schema.org\",\"@graph\":[{\"@type\":\"Article\",\"@id\":\"https:\/\/www.quinoaetbasmati.fr\/index.php\/2018\/03\/11\/carres-fondants-au-potimarron\/#article\",\"isPartOf\":{\"@id\":\"https:\/\/www.quinoaetbasmati.fr\/index.php\/2018\/03\/11\/carres-fondants-au-potimarron\/\"},\"author\":{\"name\":\"Sarra\",\"@id\":\"https:\/\/www.quinoaetbasmati.fr\/#\/schema\/person\/21c75a6815a94cba09b349c791a05200\"},\"headline\":\"Carr\u00e9s fondants au potimarron aux \u00e9pices d&rsquo;automne-sans gluten, sans lait\",\"datePublished\":\"2018-03-11T07:00:08+00:00\",\"dateModified\":\"2021-11-17T09:34:01+00:00\",\"mainEntityOfPage\":{\"@id\":\"https:\/\/www.quinoaetbasmati.fr\/index.php\/2018\/03\/11\/carres-fondants-au-potimarron\/\"},\"wordCount\":283,\"commentCount\":5,\"publisher\":{\"@id\":\"https:\/\/www.quinoaetbasmati.fr\/#organization\"},\"image\":{\"@id\":\"https:\/\/www.quinoaetbasmati.fr\/index.php\/2018\/03\/11\/carres-fondants-au-potimarron\/#primaryimage\"},\"thumbnailUrl\":\"https:\/\/www.quinoaetbasmati.fr\/wp-content\/uploads\/2018\/03\/carr\u00e9s-1-scaled.jpg\",\"keywords\":[\"automne\",\"cannelle\",\"\u00e9pices\",\"fondantaupotimarron\",\"gateau\",\"g\u00e2teau\u00e0lacourge\",\"gateauaupotimarron\",\"g\u00e2teaudel\u00e9gumes\",\"gateausansgluten\",\"gouterhealthy\",\"go\u00fbtersansgluten\",\"go\u00fbtersanslactose\",\"orangecannelle\",\"potimarron\",\"sansgluten\",\"sanslactose\",\"sanslait\"],\"articleSection\":[\"Coin sucr\u00e9\",\"G\u00e2teaux, cakes et brownies\"],\"inLanguage\":\"fr-FR\",\"potentialAction\":[{\"@type\":\"CommentAction\",\"name\":\"Comment\",\"target\":[\"https:\/\/www.quinoaetbasmati.fr\/index.php\/2018\/03\/11\/carres-fondants-au-potimarron\/#respond\"]}]},{\"@type\":\"WebPage\",\"@id\":\"https:\/\/www.quinoaetbasmati.fr\/index.php\/2018\/03\/11\/carres-fondants-au-potimarron\/\",\"url\":\"https:\/\/www.quinoaetbasmati.fr\/index.php\/2018\/03\/11\/carres-fondants-au-potimarron\/\",\"name\":\"Carr\u00e9s fondants au potimarron aux \u00e9pices d'automne-sans gluten, sans lait - Quinoa et Basmati\",\"isPartOf\":{\"@id\":\"https:\/\/www.quinoaetbasmati.fr\/#website\"},\"primaryImageOfPage\":{\"@id\":\"https:\/\/www.quinoaetbasmati.fr\/index.php\/2018\/03\/11\/carres-fondants-au-potimarron\/#primaryimage\"},\"image\":{\"@id\":\"https:\/\/www.quinoaetbasmati.fr\/index.php\/2018\/03\/11\/carres-fondants-au-potimarron\/#primaryimage\"},\"thumbnailUrl\":\"https:\/\/www.quinoaetbasmati.fr\/wp-content\/uploads\/2018\/03\/carr\u00e9s-1-scaled.jpg\",\"datePublished\":\"2018-03-11T07:00:08+00:00\",\"dateModified\":\"2021-11-17T09:34:01+00:00\",\"description\":\"Recette de carr\u00e9s fondants au potimarron et \u00e9pices d'automnes, sans gluten, sans produit laitier sans sucre raffin\u00e9\",\"breadcrumb\":{\"@id\":\"https:\/\/www.quinoaetbasmati.fr\/index.php\/2018\/03\/11\/carres-fondants-au-potimarron\/#breadcrumb\"},\"inLanguage\":\"fr-FR\",\"potentialAction\":[{\"@type\":\"ReadAction\",\"target\":[\"https:\/\/www.quinoaetbasmati.fr\/index.php\/2018\/03\/11\/carres-fondants-au-potimarron\/\"]}]},{\"@type\":\"ImageObject\",\"inLanguage\":\"fr-FR\",\"@id\":\"https:\/\/www.quinoaetbasmati.fr\/index.php\/2018\/03\/11\/carres-fondants-au-potimarron\/#primaryimage\",\"url\":\"https:\/\/www.quinoaetbasmati.fr\/wp-content\/uploads\/2018\/03\/carr\u00e9s-1-scaled.jpg\",\"contentUrl\":\"https:\/\/www.quinoaetbasmati.fr\/wp-content\/uploads\/2018\/03\/carr\u00e9s-1-scaled.jpg\",\"width\":2560,\"height\":1782,\"caption\":\"carr\u00e9s au potimarron \u00e9pices sans gluten sans lait\"},{\"@type\":\"BreadcrumbList\",\"@id\":\"https:\/\/www.quinoaetbasmati.fr\/index.php\/2018\/03\/11\/carres-fondants-au-potimarron\/#breadcrumb\",\"itemListElement\":[{\"@type\":\"ListItem\",\"position\":1,\"name\":\"Accueil\",\"item\":\"https:\/\/www.quinoaetbasmati.fr\/\"},{\"@type\":\"ListItem\",\"position\":2,\"name\":\"Carr\u00e9s fondants au potimarron aux \u00e9pices d&#8217;automne-sans gluten, sans lait\"}]},{\"@type\":\"WebSite\",\"@id\":\"https:\/\/www.quinoaetbasmati.fr\/#website\",\"url\":\"https:\/\/www.quinoaetbasmati.fr\/\",\"name\":\"Quinoa et Basmati\",\"description\":\"Tambouilles saines et gourmandes\",\"publisher\":{\"@id\":\"https:\/\/www.quinoaetbasmati.fr\/#organization\"},\"potentialAction\":[{\"@type\":\"SearchAction\",\"target\":{\"@type\":\"EntryPoint\",\"urlTemplate\":\"https:\/\/www.quinoaetbasmati.fr\/?s={search_term_string}\"},\"query-input\":{\"@type\":\"PropertyValueSpecification\",\"valueRequired\":true,\"valueName\":\"search_term_string\"}}],\"inLanguage\":\"fr-FR\"},{\"@type\":\"Organization\",\"@id\":\"https:\/\/www.quinoaetbasmati.fr\/#organization\",\"name\":\"Quinoa et Basmati\",\"url\":\"https:\/\/www.quinoaetbasmati.fr\/\",\"logo\":{\"@type\":\"ImageObject\",\"inLanguage\":\"fr-FR\",\"@id\":\"https:\/\/www.quinoaetbasmati.fr\/#\/schema\/logo\/image\/\",\"url\":\"https:\/\/www.quinoaetbasmati.fr\/wp-content\/uploads\/2018\/01\/cropped-27604279_10156154691158069_1209813160_o-4.jpg\",\"contentUrl\":\"https:\/\/www.quinoaetbasmati.fr\/wp-content\/uploads\/2018\/01\/cropped-27604279_10156154691158069_1209813160_o-4.jpg\",\"width\":455,\"height\":175,\"caption\":\"Quinoa et Basmati\"},\"image\":{\"@id\":\"https:\/\/www.quinoaetbasmati.fr\/#\/schema\/logo\/image\/\"}},{\"@type\":\"Person\",\"@id\":\"https:\/\/www.quinoaetbasmati.fr\/#\/schema\/person\/21c75a6815a94cba09b349c791a05200\",\"name\":\"Sarra\",\"image\":{\"@type\":\"ImageObject\",\"inLanguage\":\"fr-FR\",\"@id\":\"https:\/\/www.quinoaetbasmati.fr\/#\/schema\/person\/image\/\",\"url\":\"https:\/\/secure.gravatar.com\/avatar\/c0b39ca0d8387dd6fa9f63e57d897929f78c0e468fae66ce7d91f34122a1c1d1?s=96&d=mm&r=g\",\"contentUrl\":\"https:\/\/secure.gravatar.com\/avatar\/c0b39ca0d8387dd6fa9f63e57d897929f78c0e468fae66ce7d91f34122a1c1d1?s=96&d=mm&r=g\",\"caption\":\"Sarra\"},\"url\":\"https:\/\/www.quinoaetbasmati.fr\/index.php\/author\/sarra\/\"}]}<\/script>\n<!-- \/ Yoast SEO plugin. -->","yoast_head_json":{"title":"Carr\u00e9s fondants au potimarron aux \u00e9pices d'automne-sans gluten, sans lait - Quinoa et Basmati","description":"Recette de carr\u00e9s fondants au potimarron et \u00e9pices d'automnes, sans gluten, sans produit laitier sans sucre raffin\u00e9","robots":{"index":"index","follow":"follow","max-snippet":"max-snippet:-1","max-image-preview":"max-image-preview:large","max-video-preview":"max-video-preview:-1"},"canonical":"https:\/\/www.quinoaetbasmati.fr\/index.php\/2018\/03\/11\/carres-fondants-au-potimarron\/","og_locale":"fr_FR","og_type":"article","og_title":"Carr\u00e9s fondants au potimarron aux \u00e9pices d'automne-sans gluten, sans lait - Quinoa et Basmati","og_description":"Recette de carr\u00e9s fondants au potimarron et \u00e9pices d'automnes, sans gluten, sans produit laitier sans sucre raffin\u00e9","og_url":"https:\/\/www.quinoaetbasmati.fr\/index.php\/2018\/03\/11\/carres-fondants-au-potimarron\/","og_site_name":"Quinoa et Basmati","article_published_time":"2018-03-11T07:00:08+00:00","article_modified_time":"2021-11-17T09:34:01+00:00","og_image":[{"width":2560,"height":1782,"url":"https:\/\/www.quinoaetbasmati.fr\/wp-content\/uploads\/2018\/03\/carr\u00e9s-1-scaled.jpg","type":"image\/jpeg"}],"author":"Sarra","twitter_card":"summary_large_image","twitter_misc":{"\u00c9crit par":"Sarra","Dur\u00e9e de lecture estim\u00e9e":"1 minute"},"schema":{"@context":"https:\/\/schema.org","@graph":[{"@type":"Article","@id":"https:\/\/www.quinoaetbasmati.fr\/index.php\/2018\/03\/11\/carres-fondants-au-potimarron\/#article","isPartOf":{"@id":"https:\/\/www.quinoaetbasmati.fr\/index.php\/2018\/03\/11\/carres-fondants-au-potimarron\/"},"author":{"name":"Sarra","@id":"https:\/\/www.quinoaetbasmati.fr\/#\/schema\/person\/21c75a6815a94cba09b349c791a05200"},"headline":"Carr\u00e9s fondants au potimarron aux \u00e9pices d&rsquo;automne-sans gluten, sans lait","datePublished":"2018-03-11T07:00:08+00:00","dateModified":"2021-11-17T09:34:01+00:00","mainEntityOfPage":{"@id":"https:\/\/www.quinoaetbasmati.fr\/index.php\/2018\/03\/11\/carres-fondants-au-potimarron\/"},"wordCount":283,"commentCount":5,"publisher":{"@id":"https:\/\/www.quinoaetbasmati.fr\/#organization"},"image":{"@id":"https:\/\/www.quinoaetbasmati.fr\/index.php\/2018\/03\/11\/carres-fondants-au-potimarron\/#primaryimage"},"thumbnailUrl":"https:\/\/www.quinoaetbasmati.fr\/wp-content\/uploads\/2018\/03\/carr\u00e9s-1-scaled.jpg","keywords":["automne","cannelle","\u00e9pices","fondantaupotimarron","gateau","g\u00e2teau\u00e0lacourge","gateauaupotimarron","g\u00e2teaudel\u00e9gumes","gateausansgluten","gouterhealthy","go\u00fbtersansgluten","go\u00fbtersanslactose","orangecannelle","potimarron","sansgluten","sanslactose","sanslait"],"articleSection":["Coin sucr\u00e9","G\u00e2teaux, cakes et brownies"],"inLanguage":"fr-FR","potentialAction":[{"@type":"CommentAction","name":"Comment","target":["https:\/\/www.quinoaetbasmati.fr\/index.php\/2018\/03\/11\/carres-fondants-au-potimarron\/#respond"]}]},{"@type":"WebPage","@id":"https:\/\/www.quinoaetbasmati.fr\/index.php\/2018\/03\/11\/carres-fondants-au-potimarron\/","url":"https:\/\/www.quinoaetbasmati.fr\/index.php\/2018\/03\/11\/carres-fondants-au-potimarron\/","name":"Carr\u00e9s fondants au potimarron aux \u00e9pices d'automne-sans gluten, sans lait - Quinoa et Basmati","isPartOf":{"@id":"https:\/\/www.quinoaetbasmati.fr\/#website"},"primaryImageOfPage":{"@id":"https:\/\/www.quinoaetbasmati.fr\/index.php\/2018\/03\/11\/carres-fondants-au-potimarron\/#primaryimage"},"image":{"@id":"https:\/\/www.quinoaetbasmati.fr\/index.php\/2018\/03\/11\/carres-fondants-au-potimarron\/#primaryimage"},"thumbnailUrl":"https:\/\/www.quinoaetbasmati.fr\/wp-content\/uploads\/2018\/03\/carr\u00e9s-1-scaled.jpg","datePublished":"2018-03-11T07:00:08+00:00","dateModified":"2021-11-17T09:34:01+00:00","description":"Recette de carr\u00e9s fondants au potimarron et \u00e9pices d'automnes, sans gluten, sans produit laitier sans sucre raffin\u00e9","breadcrumb":{"@id":"https:\/\/www.quinoaetbasmati.fr\/index.php\/2018\/03\/11\/carres-fondants-au-potimarron\/#breadcrumb"},"inLanguage":"fr-FR","potentialAction":[{"@type":"ReadAction","target":["https:\/\/www.quinoaetbasmati.fr\/index.php\/2018\/03\/11\/carres-fondants-au-potimarron\/"]}]},{"@type":"ImageObject","inLanguage":"fr-FR","@id":"https:\/\/www.quinoaetbasmati.fr\/index.php\/2018\/03\/11\/carres-fondants-au-potimarron\/#primaryimage","url":"https:\/\/www.quinoaetbasmati.fr\/wp-content\/uploads\/2018\/03\/carr\u00e9s-1-scaled.jpg","contentUrl":"https:\/\/www.quinoaetbasmati.fr\/wp-content\/uploads\/2018\/03\/carr\u00e9s-1-scaled.jpg","width":2560,"height":1782,"caption":"carr\u00e9s au potimarron \u00e9pices sans gluten sans lait"},{"@type":"BreadcrumbList","@id":"https:\/\/www.quinoaetbasmati.fr\/index.php\/2018\/03\/11\/carres-fondants-au-potimarron\/#breadcrumb","itemListElement":[{"@type":"ListItem","position":1,"name":"Accueil","item":"https:\/\/www.quinoaetbasmati.fr\/"},{"@type":"ListItem","position":2,"name":"Carr\u00e9s fondants au potimarron aux \u00e9pices d&#8217;automne-sans gluten, sans lait"}]},{"@type":"WebSite","@id":"https:\/\/www.quinoaetbasmati.fr\/#website","url":"https:\/\/www.quinoaetbasmati.fr\/","name":"Quinoa et Basmati","description":"Tambouilles saines et gourmandes","publisher":{"@id":"https:\/\/www.quinoaetbasmati.fr\/#organization"},"potentialAction":[{"@type":"SearchAction","target":{"@type":"EntryPoint","urlTemplate":"https:\/\/www.quinoaetbasmati.fr\/?s={search_term_string}"},"query-input":{"@type":"PropertyValueSpecification","valueRequired":true,"valueName":"search_term_string"}}],"inLanguage":"fr-FR"},{"@type":"Organization","@id":"https:\/\/www.quinoaetbasmati.fr\/#organization","name":"Quinoa et Basmati","url":"https:\/\/www.quinoaetbasmati.fr\/","logo":{"@type":"ImageObject","inLanguage":"fr-FR","@id":"https:\/\/www.quinoaetbasmati.fr\/#\/schema\/logo\/image\/","url":"https:\/\/www.quinoaetbasmati.fr\/wp-content\/uploads\/2018\/01\/cropped-27604279_10156154691158069_1209813160_o-4.jpg","contentUrl":"https:\/\/www.quinoaetbasmati.fr\/wp-content\/uploads\/2018\/01\/cropped-27604279_10156154691158069_1209813160_o-4.jpg","width":455,"height":175,"caption":"Quinoa et Basmati"},"image":{"@id":"https:\/\/www.quinoaetbasmati.fr\/#\/schema\/logo\/image\/"}},{"@type":"Person","@id":"https:\/\/www.quinoaetbasmati.fr\/#\/schema\/person\/21c75a6815a94cba09b349c791a05200","name":"Sarra","image":{"@type":"ImageObject","inLanguage":"fr-FR","@id":"https:\/\/www.quinoaetbasmati.fr\/#\/schema\/person\/image\/","url":"https:\/\/secure.gravatar.com\/avatar\/c0b39ca0d8387dd6fa9f63e57d897929f78c0e468fae66ce7d91f34122a1c1d1?s=96&d=mm&r=g","contentUrl":"https:\/\/secure.gravatar.com\/avatar\/c0b39ca0d8387dd6fa9f63e57d897929f78c0e468fae66ce7d91f34122a1c1d1?s=96&d=mm&r=g","caption":"Sarra"},"url":"https:\/\/www.quinoaetbasmati.fr\/index.php\/author\/sarra\/"}]}},"_links":{"self":[{"href":"https:\/\/www.quinoaetbasmati.fr\/index.php\/wp-json\/wp\/v2\/posts\/1566","targetHints":{"allow":["GET"]}}],"collection":[{"href":"https:\/\/www.quinoaetbasmati.fr\/index.php\/wp-json\/wp\/v2\/posts"}],"about":[{"href":"https:\/\/www.quinoaetbasmati.fr\/index.php\/wp-json\/wp\/v2\/types\/post"}],"author":[{"embeddable":true,"href":"https:\/\/www.quinoaetbasmati.fr\/index.php\/wp-json\/wp\/v2\/users\/1"}],"replies":[{"embeddable":true,"href":"https:\/\/www.quinoaetbasmati.fr\/index.php\/wp-json\/wp\/v2\/comments?post=1566"}],"version-history":[{"count":16,"href":"https:\/\/www.quinoaetbasmati.fr\/index.php\/wp-json\/wp\/v2\/posts\/1566\/revisions"}],"predecessor-version":[{"id":5205,"href":"https:\/\/www.quinoaetbasmati.fr\/index.php\/wp-json\/wp\/v2\/posts\/1566\/revisions\/5205"}],"wp:featuredmedia":[{"embeddable":true,"href":"https:\/\/www.quinoaetbasmati.fr\/index.php\/wp-json\/wp\/v2\/media\/1598"}],"wp:attachment":[{"href":"https:\/\/www.quinoaetbasmati.fr\/index.php\/wp-json\/wp\/v2\/media?parent=1566"}],"wp:term":[{"taxonomy":"category","embeddable":true,"href":"https:\/\/www.quinoaetbasmati.fr\/index.php\/wp-json\/wp\/v2\/categories?post=1566"},{"taxonomy":"post_tag","embeddable":true,"href":"https:\/\/www.quinoaetbasmati.fr\/index.php\/wp-json\/wp\/v2\/tags?post=1566"}],"curies":[{"name":"wp","href":"https:\/\/api.w.org\/{rel}","templated":true}]}}