{"id":2098,"date":"2018-05-23T06:30:02","date_gmt":"2018-05-23T04:30:02","guid":{"rendered":"https:\/\/www.quinoaetbasmati.fr\/?p=2098"},"modified":"2018-05-23T06:37:50","modified_gmt":"2018-05-23T04:37:50","slug":"jenny-des-papilles-qui-petillent","status":"publish","type":"post","link":"https:\/\/www.quinoaetbasmati.fr\/index.php\/2018\/05\/23\/jenny-des-papilles-qui-petillent\/","title":{"rendered":"Jenny-des papilles qui p\u00e9tillent"},"content":{"rendered":"<div>\u00a0<span style=\"font-size: 12pt; font-family: 'times new roman', times, serif;\">\u00a0<span style=\"color: #222222;\">Jenny n\u2019a pas de blog mais un compte instagram haut en couleurs, <\/span><a href=\"https:\/\/www.instagram.com\/p\/Bi8kFXyF-lP\/?taken-by=des_papilles_qui_petillent\">des papilles qui p\u00e9tillent<\/a><span style=\"color: #222222;\">, qui donne le sourire d\u00e8s le r\u00e9veil. <\/span><\/span><\/div>\n<div>\n<p><span style=\"font-size: 12pt; font-family: 'times new roman', times, serif; color: #222222;\">Elle se l\u00e8ve aux aurores pour partager avec ceux qu\u2019elle appelle ses \u00ab\u00a0<strong>petites papilles<\/strong>\u00a0\u00bb ses <strong>magnifiques petit d\u00e8j arc-en ciel<\/strong>!\u00a0<\/span><\/p>\n<p align=\"left\"><span style=\"color: #222222; font-size: 12pt; font-family: 'times new roman', times, serif;\">Notre <strong>l\u00e8ve t\u00f4t passionn\u00e9e<\/strong> nous raconte avec entrain ce qui a motiv\u00e9 son <strong>changement d&rsquo;alimentation,<\/strong> il y a deux ans, et le<strong> tournant hyper positif<\/strong> que sa vie a pris depuis qu&rsquo;elle a fait ce choix.<\/span><\/p>\n<p align=\"left\">\n<p align=\"left\">\n<p align=\"left\"><span style=\"color: #800000; font-size: 12pt; font-family: 'times new roman', times, serif;\"><strong>Pr\u00e9sente toi en quelques lignes (qui es-tu? tes traits de caract\u00e8re, tes passions,tes valeurs\u2026 pourquoi et quand as tu d\u00e9cid\u00e9 de changer d\u2019alimentation\u00a0?)\u00a0<\/strong><\/span><\/p>\n<\/div>\n<p>&nbsp;<\/p>\n<p>&nbsp;<\/p>\n<div>\n<p><span style=\"color: #222222; font-size: 12pt; font-family: 'times new roman', times, serif;\">J\u2019ai 42 ans, je suis mari\u00e9e depuis 20 ans et j\u2019ai deux ados de 15 et 13 ans. Je suis charg\u00e9e d\u2019affaires en assurances collectives pour les entreprises depuis 20 ans dans la m\u00eame entreprise.<\/span><\/p>\n<p><span style=\"color: #222222; font-size: 12pt; font-family: 'times new roman', times, serif;\">A l\u2019aube de mes 40 ans, j\u2019ai d\u00e9cid\u00e9 de prendre ma sant\u00e9 en mains et de m\u2019occuper de moi apr\u00e8s avoir consacr\u00e9 ces 20 derni\u00e8res ann\u00e9es \u00e0 ma famille, mes amis, mon employeur et mes clients.<\/span><\/p>\n<p><span style=\"color: #222222; font-size: 12pt; font-family: 'times new roman', times, serif;\"><i>Mon corps \u00e9tait de plus en plus douloureux, mes articulations me faisaient souffrir depuis plusieurs ann\u00e9es<\/i>. <\/span><\/p>\n<p><span style=\"color: #222222; font-size: 12pt; font-family: 'times new roman', times, serif;\">Mes <b>cervicales bloqu\u00e9es, <\/b>des <b>troubles de la vision<\/b>, des <b>maux de t\u00eate jour et nuit<\/b>, des <b>insomnies<\/b>, des <b>troubles de l\u2019humeur<\/b>, des <b>troubles gastriques<\/b>&#8230; je continue ?<\/span><\/p>\n<p><span style=\"color: #222222; font-size: 12pt; font-family: 'times new roman', times, serif;\"><i>Vous imaginez \u00e0 quel point je ne pouvais me sentir bien dans mon corps et ma t\u00eate au l\u2019aube de cette quarantaine&#8230;<\/i><\/span><\/p>\n<p><span style=\"color: #222222; font-size: 12pt; font-family: 'times new roman', times, serif;\">Je suis alors rentr\u00e9e dans le <b>parcours du combattant de la m\u00e9decine conventionnelle<\/b> et avec une batterie d\u2019examens : prise de sang, radiographies, scanner,IRM et m\u00eame scintigraphie, colposcopie et fibroscopie. <\/span><\/p>\n<p><span style=\"color: #222222; font-size: 12pt; font-family: 'times new roman', times, serif;\">A chaque compte rendu d\u2019examen, j\u2019entendais le m\u00eame discours \u00ab\u00a0<i>Madame tout est normal. Vous \u00eates sans doute trop stress\u00e9e\u00a0<\/i>\u00bb <\/span><\/p>\n<p><span style=\"color: #222222; font-size: 12pt; font-family: 'times new roman', times, serif;\">Je me suis vue prescrire de la <b>cortisone<\/b> et des <b>antid\u00e9presseurs<\/b> par le rhumatologue \u00e0 qui j\u2019ai expliqu\u00e9 qu\u2019il perdait son temps.<\/span><\/p>\n<p><span style=\"color: #222222; font-size: 12pt; font-family: 'times new roman', times, serif;\">J\u2019\u00e9tais <b>lass\u00e9e d\u2019entendre que tout allait bien<\/b> et un jour je me suis r\u00e9veill\u00e9e en me disant que <b>je trouverais seule l\u2019explication \u00e0 toute cette souffrance<\/b>. <\/span><\/p>\n<p><span style=\"color: #222222; font-size: 12pt; font-family: 'times new roman', times, serif;\">J\u2019ai explor\u00e9 d\u2019autres pistes, fait des recherches, lu des t\u00e9moignages et j\u2019ai compris que mon cas \u00e9tait loin d\u2019\u00eatre isol\u00e9. Je pouvais enfin mettre un mot et une explication sur une des raisons \u00e0 l\u2019<b>enfer quotidien<\/b> que je vivais : le <b>GLUTEN<\/b>.<\/span><\/p>\n<p><span style=\"color: #222222; font-size: 12pt; font-family: 'times new roman', times, serif;\">Passionn\u00e9e par le r\u00e9sultat de mes recherches et ne faisant pas les choses \u00e0 moiti\u00e9, j\u2019ai d\u00e9cid\u00e9 d\u2019arr\u00eater totalement le gluten et le lactose. <\/span><\/p>\n<p><span style=\"color: #222222; font-size: 12pt; font-family: 'times new roman', times, serif;\">Je l\u2019ai fait accompagn\u00e9e d\u2019une <strong>naturopathe extraordinaire<\/strong> avec qui je parlais le m\u00eame langage\u00a0: <em>j\u2019ai appris \u00e0 conna\u00eetre le fonctionnement de mon corps et surtout \u00e0 m\u2019\u00e9couter, j\u2019ai compl\u00e8tement revu ma fa\u00e7on de vivre<\/em>. <\/span><\/p>\n<p><span style=\"color: #222222; font-size: 12pt; font-family: 'times new roman', times, serif;\"><b>Cela fait maintenant 2 ans que je mange, sans gluten, sans lactose, quasiment sans sucre et toujours sans viande<\/b>. Je favorise la cuisson \u00e0 la vapeur douce que j\u2019ai d\u00e9couvert avec le <a href=\"https:\/\/www.vitaliseurdemarion.fr\/officiel\/\">vitaliseur de Marion<\/a>.<\/span><\/p>\n<p><span style=\"color: #222222; font-size: 12pt; font-family: 'times new roman', times, serif;\"><em>Mes douleurs aux cervicales ont disparu en 1 mois, mes troubles gastriques se sont nettement att\u00e9nu\u00e9 mes mots de t\u00eate se sont envol\u00e9s et mes douleurs articulaires ont bien diminu\u00e9<\/em>. <\/span><\/p>\n<p><span style=\"color: #222222; font-size: 12pt; font-family: 'times new roman', times, serif;\"><strong>Je me sens l\u00e9g\u00e8re comme l\u2019air, j\u2019ai un moral d\u2019acier et une p\u00eache \u00e0 revendre<\/strong>\u00a0!<\/span><\/p>\n<p><span style=\"color: #222222; font-size: 12pt; font-family: 'times new roman', times, serif;\">Enfin, j\u2019ai d\u00e9couvert petit \u00e0 petit cette <strong>magnifique communaut\u00e9<\/strong> qu\u2019est Instagram et j\u2019y ai fait des<strong> rencontres<\/strong> magnifiques.\u00a0<\/span><\/p>\n<p><span style=\"color: #222222; font-size: 12pt; font-family: 'times new roman', times, serif;\">J\u2019ignorais il y a 2 ans que mes bols aux couleurs fades allaient se transformer en un v\u00e9ritable d\u00e9vouement pour mes abonn\u00e9s au nombre de 3000 aujourd\u2019hui.<\/span><\/p>\n<p><span style=\"color: #222222; font-size: 12pt; font-family: 'times new roman', times, serif;\">J\u2019ai d\u00e9couvert au fil du temps de nouvelles fa\u00e7ons de s\u2019alimenter, de vivre, de communiquer et je suis aujourd\u2019hui port\u00e9e par tout l\u2019<strong>amour<\/strong> (oui je p\u00e8se mes mots) que je re\u00e7ois quotidiennement au travers des messages que l\u2019on m\u2019envoie. <\/span><\/p>\n<p><span style=\"color: #222222; font-size: 12pt; font-family: 'times new roman', times, serif;\">J\u2019ai h\u00e2te tous les matins de me lever pour retrouver ces <strong>petits boosters<\/strong> qui sont de<strong> v\u00e9ritables \u00e9nergies positives<\/strong> pour moi.<\/span><\/p>\n<p><span style=\"color: #222222; font-size: 12pt; font-family: 'times new roman', times, serif;\">Je n\u2019aurais jamais imagin\u00e9 rencontrer des <strong>personnes aussi belles et bienveillantes<\/strong> gr\u00e2ce \u00e0 mon petit \u00e9cran.<\/span><\/p>\n<p><span style=\"color: #222222; font-size: 12pt; font-family: 'times new roman', times, serif;\">J\u2019ai aujourd\u2019hui un r\u00eave et bien plus d\u2019ailleurs&#8230; mais je les laisse grandir petit a petit et <em>je savoure chaque instant de ma nouvelle vie<\/em>, celle pour laquelle je suis d\u00e9sormais <strong>passionn\u00e9e<\/strong>.<\/span><\/p>\n<p>&nbsp;<\/p>\n<p><span style=\"color: #800000; font-size: 12pt; font-family: 'times new roman', times, serif;\"><b>Quels conseils donnerais-tu aux personnes qui souhaitent changer d\u2019alimentation\u00a0?<\/b><\/span><\/p>\n<p>&nbsp;<\/p>\n<p><span style=\"font-size: 12pt; font-family: 'times new roman', times, serif;\">1\/ Commencez par <strong>trouver une bonne naturopathe<\/strong> et faites un bilan. N&rsquo;essayez pas d&rsquo;op\u00e9rer seul votre changement d&rsquo;alimentation en fouinant sur internet. <\/span><\/p>\n<p><span style=\"font-size: 12pt; font-family: 'times new roman', times, serif;\"><strong>Ce n\u2019est pas anodin de changer d\u2019alimentation et \u00e7a s\u2019apprend<\/strong>!<\/span><\/p>\n<p><span style=\"font-size: 12pt; font-family: 'times new roman', times, serif;\">2\/<strong> Soyez patient<\/strong>, \u00e7a prends du temps\u00a0!<\/span><\/p>\n<p><span style=\"font-size: 12pt; font-family: 'times new roman', times, serif;\"><strong>3\/ Faites vous plaisir!<\/strong> (il n&rsquo;y a rien de pire que la frustration!)<\/span><\/p>\n<p>&nbsp;<\/p>\n<p><span style=\"font-size: 12pt; font-family: 'times new roman', times, serif;\"><strong><span style=\"color: #800000;\">Une recette f\u00e9tiche\u00a0?<\/span><\/strong><\/span><\/p>\n<p>&nbsp;<\/p>\n<p><span style=\"font-size: 12pt; font-family: 'times new roman', times, serif;\"><span style=\"color: #222222;\">Le <strong>Buddha Bowl<\/strong> et ce n\u2019est plus un secret si vous connaissez <a href=\"https:\/\/www.instagram.com\/p\/Bi8kFXyF-lP\/?taken-by=des_papilles_qui_petillent\">Des Papilles qui P\u00e9tillent<\/a><\/span><span style=\"color: #222222;\">! <\/span><\/span><\/p>\n<p><span style=\"color: #222222; font-size: 12pt; font-family: 'times new roman', times, serif;\">Je suis raide dingue des <strong>l\u00e9gumes<\/strong> et le Buddha bowl est un<strong> plat d\u00e9clinable \u00e0 l\u2019infini,\u00e9quilibr\u00e9, rassasiant et gourmand comme je les aime<\/strong>. Ce sont l\u00e0 les 3 qualit\u00e9s requises pour l\u2019ensemble de mes recettes quotidiennes.<\/span><\/p>\n<p>&nbsp;<\/p>\n<p><span style=\"font-size: 12pt; font-family: 'times new roman', times, serif;\"><strong><span style=\"color: #800000;\">Une petite citation inspirante pour la route\u00a0?<\/span><\/strong><\/span><\/p>\n<p>&nbsp;<\/p>\n<p style=\"text-align: center;\"><span style=\"color: #222222; font-size: 12pt; font-family: 'times new roman', times, serif;\"><strong>\u00ab\u00a0R\u00eave ta Vie en couleurs, c\u2019est le secret du Bonheur\u00a0\u00bb<\/strong><\/span><\/p>\n<p><em><span style=\"color: #222222; font-size: 12pt; font-family: 'times new roman', times, serif;\">\u00a0Walt Disney<\/span><\/em><\/p>\n<p><span style=\"color: #222222; font-size: 12pt; font-family: 'times new roman', times, serif;\">C\u2019est mon mantra et il fait parfaitement \u00e9cho \u00e0 mes assiettes color\u00e9es!<\/span><\/p>\n<\/div>\n<p>&nbsp;<\/p>\n<p><em>Si Jenny vous a inspir\u00e9e n&rsquo;h\u00e9sitez pas \u00e0 laisser un petit commentaire par ici et allez lire les t\u00e9moignages d&rsquo;<a href=\"https:\/\/www.quinoaetbasmati.fr\/index.php\/2018\/05\/16\/eve-les-recettes-legeres-de-plume\/\">Eve<\/a> et <a href=\"https:\/\/www.quinoaetbasmati.fr\/index.php\/2018\/05\/06\/astrid-the-belly-brain\/\">Astrid<\/a>!\u00a0<\/em><\/p>\n","protected":false},"excerpt":{"rendered":"<p>\u00a0\u00a0Jenny n\u2019a pas de blog mais un compte instagram haut en couleurs, des papilles qui p\u00e9tillent, qui donne le sourire d\u00e8s le r\u00e9veil. Elle se l\u00e8ve aux aurores pour partager avec ceux qu\u2019elle appelle ses \u00ab\u00a0petites papilles\u00a0\u00bb ses magnifiques petit d\u00e8j arc-en ciel!\u00a0 Notre l\u00e8ve [&hellip;]<\/p>\n","protected":false},"author":1,"featured_media":2138,"comment_status":"open","ping_status":"open","sticky":false,"template":"","format":"standard","meta":{"footnotes":""},"categories":[476],"tags":[491,537,534,538,536,15,16,18,485,535],"class_list":["post-2098","post","type-post","status-publish","format-standard","has-post-thumbnail","hentry","category-les-belles-rencontres","tag-alimentationsante","tag-changementdalimentation","tag-despapillesquipetillent","tag-hygienedevie","tag-rhumatismes","tag-sansgluten","tag-sanslactose","tag-seignalet","tag-temoignage","tag-vapeurdouce"],"yoast_head":"<!-- This site is optimized with the Yoast SEO plugin v24.4 - https:\/\/yoast.com\/wordpress\/plugins\/seo\/ -->\n<title>Jenny-des papilles qui p\u00e9tillent - Quinoa et Basmati<\/title>\n<meta name=\"robots\" content=\"index, follow, max-snippet:-1, max-image-preview:large, max-video-preview:-1\" \/>\n<link rel=\"canonical\" href=\"https:\/\/www.quinoaetbasmati.fr\/index.php\/2018\/05\/23\/jenny-des-papilles-qui-petillent\/\" \/>\n<meta property=\"og:locale\" content=\"fr_FR\" \/>\n<meta property=\"og:type\" content=\"article\" \/>\n<meta property=\"og:title\" content=\"Jenny-des papilles qui p\u00e9tillent - Quinoa et Basmati\" \/>\n<meta property=\"og:description\" content=\"\u00a0\u00a0Jenny n\u2019a pas de blog mais un compte instagram haut en couleurs, des papilles qui p\u00e9tillent, qui donne le sourire d\u00e8s le r\u00e9veil. Elle se l\u00e8ve aux aurores pour partager avec ceux qu\u2019elle appelle ses \u00ab\u00a0petites papilles\u00a0\u00bb ses magnifiques petit d\u00e8j arc-en ciel!\u00a0 Notre l\u00e8ve [&hellip;]\" \/>\n<meta property=\"og:url\" content=\"https:\/\/www.quinoaetbasmati.fr\/index.php\/2018\/05\/23\/jenny-des-papilles-qui-petillent\/\" \/>\n<meta property=\"og:site_name\" content=\"Quinoa et Basmati\" \/>\n<meta property=\"article:published_time\" content=\"2018-05-23T04:30:02+00:00\" \/>\n<meta property=\"article:modified_time\" content=\"2018-05-23T04:37:50+00:00\" \/>\n<meta property=\"og:image\" content=\"https:\/\/www.quinoaetbasmati.fr\/wp-content\/uploads\/2018\/05\/jenny.jpg\" \/>\n\t<meta property=\"og:image:width\" content=\"747\" \/>\n\t<meta property=\"og:image:height\" content=\"840\" \/>\n\t<meta property=\"og:image:type\" content=\"image\/jpeg\" \/>\n<meta name=\"author\" content=\"Sarra\" \/>\n<meta name=\"twitter:card\" content=\"summary_large_image\" \/>\n<meta name=\"twitter:label1\" content=\"\u00c9crit par\" \/>\n\t<meta name=\"twitter:data1\" content=\"Sarra\" \/>\n\t<meta name=\"twitter:label2\" content=\"Dur\u00e9e de lecture estim\u00e9e\" \/>\n\t<meta name=\"twitter:data2\" content=\"5 minutes\" \/>\n<script type=\"application\/ld+json\" class=\"yoast-schema-graph\">{\"@context\":\"https:\/\/schema.org\",\"@graph\":[{\"@type\":\"Article\",\"@id\":\"https:\/\/www.quinoaetbasmati.fr\/index.php\/2018\/05\/23\/jenny-des-papilles-qui-petillent\/#article\",\"isPartOf\":{\"@id\":\"https:\/\/www.quinoaetbasmati.fr\/index.php\/2018\/05\/23\/jenny-des-papilles-qui-petillent\/\"},\"author\":{\"name\":\"Sarra\",\"@id\":\"https:\/\/www.quinoaetbasmati.fr\/#\/schema\/person\/21c75a6815a94cba09b349c791a05200\"},\"headline\":\"Jenny-des papilles qui p\u00e9tillent\",\"datePublished\":\"2018-05-23T04:30:02+00:00\",\"dateModified\":\"2018-05-23T04:37:50+00:00\",\"mainEntityOfPage\":{\"@id\":\"https:\/\/www.quinoaetbasmati.fr\/index.php\/2018\/05\/23\/jenny-des-papilles-qui-petillent\/\"},\"wordCount\":955,\"commentCount\":7,\"publisher\":{\"@id\":\"https:\/\/www.quinoaetbasmati.fr\/#organization\"},\"image\":{\"@id\":\"https:\/\/www.quinoaetbasmati.fr\/index.php\/2018\/05\/23\/jenny-des-papilles-qui-petillent\/#primaryimage\"},\"thumbnailUrl\":\"https:\/\/www.quinoaetbasmati.fr\/wp-content\/uploads\/2018\/05\/jenny.jpg\",\"keywords\":[\"alimentationsant\u00e9\",\"changementdalimentation\",\"despapillesquipetillent\",\"hygienedevie\",\"rhumatismes\",\"sansgluten\",\"sanslactose\",\"seignalet\",\"t\u00e9moignage\",\"vapeurdouce\"],\"articleSection\":[\"Les belles rencontres (les portraits)\"],\"inLanguage\":\"fr-FR\",\"potentialAction\":[{\"@type\":\"CommentAction\",\"name\":\"Comment\",\"target\":[\"https:\/\/www.quinoaetbasmati.fr\/index.php\/2018\/05\/23\/jenny-des-papilles-qui-petillent\/#respond\"]}]},{\"@type\":\"WebPage\",\"@id\":\"https:\/\/www.quinoaetbasmati.fr\/index.php\/2018\/05\/23\/jenny-des-papilles-qui-petillent\/\",\"url\":\"https:\/\/www.quinoaetbasmati.fr\/index.php\/2018\/05\/23\/jenny-des-papilles-qui-petillent\/\",\"name\":\"Jenny-des papilles qui p\u00e9tillent - Quinoa et Basmati\",\"isPartOf\":{\"@id\":\"https:\/\/www.quinoaetbasmati.fr\/#website\"},\"primaryImageOfPage\":{\"@id\":\"https:\/\/www.quinoaetbasmati.fr\/index.php\/2018\/05\/23\/jenny-des-papilles-qui-petillent\/#primaryimage\"},\"image\":{\"@id\":\"https:\/\/www.quinoaetbasmati.fr\/index.php\/2018\/05\/23\/jenny-des-papilles-qui-petillent\/#primaryimage\"},\"thumbnailUrl\":\"https:\/\/www.quinoaetbasmati.fr\/wp-content\/uploads\/2018\/05\/jenny.jpg\",\"datePublished\":\"2018-05-23T04:30:02+00:00\",\"dateModified\":\"2018-05-23T04:37:50+00:00\",\"breadcrumb\":{\"@id\":\"https:\/\/www.quinoaetbasmati.fr\/index.php\/2018\/05\/23\/jenny-des-papilles-qui-petillent\/#breadcrumb\"},\"inLanguage\":\"fr-FR\",\"potentialAction\":[{\"@type\":\"ReadAction\",\"target\":[\"https:\/\/www.quinoaetbasmati.fr\/index.php\/2018\/05\/23\/jenny-des-papilles-qui-petillent\/\"]}]},{\"@type\":\"ImageObject\",\"inLanguage\":\"fr-FR\",\"@id\":\"https:\/\/www.quinoaetbasmati.fr\/index.php\/2018\/05\/23\/jenny-des-papilles-qui-petillent\/#primaryimage\",\"url\":\"https:\/\/www.quinoaetbasmati.fr\/wp-content\/uploads\/2018\/05\/jenny.jpg\",\"contentUrl\":\"https:\/\/www.quinoaetbasmati.fr\/wp-content\/uploads\/2018\/05\/jenny.jpg\",\"width\":747,\"height\":840},{\"@type\":\"BreadcrumbList\",\"@id\":\"https:\/\/www.quinoaetbasmati.fr\/index.php\/2018\/05\/23\/jenny-des-papilles-qui-petillent\/#breadcrumb\",\"itemListElement\":[{\"@type\":\"ListItem\",\"position\":1,\"name\":\"Accueil\",\"item\":\"https:\/\/www.quinoaetbasmati.fr\/\"},{\"@type\":\"ListItem\",\"position\":2,\"name\":\"Jenny-des papilles qui p\u00e9tillent\"}]},{\"@type\":\"WebSite\",\"@id\":\"https:\/\/www.quinoaetbasmati.fr\/#website\",\"url\":\"https:\/\/www.quinoaetbasmati.fr\/\",\"name\":\"Quinoa et Basmati\",\"description\":\"Tambouilles saines et gourmandes\",\"publisher\":{\"@id\":\"https:\/\/www.quinoaetbasmati.fr\/#organization\"},\"potentialAction\":[{\"@type\":\"SearchAction\",\"target\":{\"@type\":\"EntryPoint\",\"urlTemplate\":\"https:\/\/www.quinoaetbasmati.fr\/?s={search_term_string}\"},\"query-input\":{\"@type\":\"PropertyValueSpecification\",\"valueRequired\":true,\"valueName\":\"search_term_string\"}}],\"inLanguage\":\"fr-FR\"},{\"@type\":\"Organization\",\"@id\":\"https:\/\/www.quinoaetbasmati.fr\/#organization\",\"name\":\"Quinoa et Basmati\",\"url\":\"https:\/\/www.quinoaetbasmati.fr\/\",\"logo\":{\"@type\":\"ImageObject\",\"inLanguage\":\"fr-FR\",\"@id\":\"https:\/\/www.quinoaetbasmati.fr\/#\/schema\/logo\/image\/\",\"url\":\"https:\/\/www.quinoaetbasmati.fr\/wp-content\/uploads\/2018\/01\/cropped-27604279_10156154691158069_1209813160_o-4.jpg\",\"contentUrl\":\"https:\/\/www.quinoaetbasmati.fr\/wp-content\/uploads\/2018\/01\/cropped-27604279_10156154691158069_1209813160_o-4.jpg\",\"width\":455,\"height\":175,\"caption\":\"Quinoa et Basmati\"},\"image\":{\"@id\":\"https:\/\/www.quinoaetbasmati.fr\/#\/schema\/logo\/image\/\"}},{\"@type\":\"Person\",\"@id\":\"https:\/\/www.quinoaetbasmati.fr\/#\/schema\/person\/21c75a6815a94cba09b349c791a05200\",\"name\":\"Sarra\",\"image\":{\"@type\":\"ImageObject\",\"inLanguage\":\"fr-FR\",\"@id\":\"https:\/\/www.quinoaetbasmati.fr\/#\/schema\/person\/image\/\",\"url\":\"https:\/\/secure.gravatar.com\/avatar\/c0b39ca0d8387dd6fa9f63e57d897929f78c0e468fae66ce7d91f34122a1c1d1?s=96&d=mm&r=g\",\"contentUrl\":\"https:\/\/secure.gravatar.com\/avatar\/c0b39ca0d8387dd6fa9f63e57d897929f78c0e468fae66ce7d91f34122a1c1d1?s=96&d=mm&r=g\",\"caption\":\"Sarra\"},\"url\":\"https:\/\/www.quinoaetbasmati.fr\/index.php\/author\/sarra\/\"}]}<\/script>\n<!-- \/ Yoast SEO plugin. -->","yoast_head_json":{"title":"Jenny-des papilles qui p\u00e9tillent - Quinoa et Basmati","robots":{"index":"index","follow":"follow","max-snippet":"max-snippet:-1","max-image-preview":"max-image-preview:large","max-video-preview":"max-video-preview:-1"},"canonical":"https:\/\/www.quinoaetbasmati.fr\/index.php\/2018\/05\/23\/jenny-des-papilles-qui-petillent\/","og_locale":"fr_FR","og_type":"article","og_title":"Jenny-des papilles qui p\u00e9tillent - Quinoa et Basmati","og_description":"\u00a0\u00a0Jenny n\u2019a pas de blog mais un compte instagram haut en couleurs, des papilles qui p\u00e9tillent, qui donne le sourire d\u00e8s le r\u00e9veil. Elle se l\u00e8ve aux aurores pour partager avec ceux qu\u2019elle appelle ses \u00ab\u00a0petites papilles\u00a0\u00bb ses magnifiques petit d\u00e8j arc-en ciel!\u00a0 Notre l\u00e8ve [&hellip;]","og_url":"https:\/\/www.quinoaetbasmati.fr\/index.php\/2018\/05\/23\/jenny-des-papilles-qui-petillent\/","og_site_name":"Quinoa et Basmati","article_published_time":"2018-05-23T04:30:02+00:00","article_modified_time":"2018-05-23T04:37:50+00:00","og_image":[{"width":747,"height":840,"url":"https:\/\/www.quinoaetbasmati.fr\/wp-content\/uploads\/2018\/05\/jenny.jpg","type":"image\/jpeg"}],"author":"Sarra","twitter_card":"summary_large_image","twitter_misc":{"\u00c9crit par":"Sarra","Dur\u00e9e de lecture estim\u00e9e":"5 minutes"},"schema":{"@context":"https:\/\/schema.org","@graph":[{"@type":"Article","@id":"https:\/\/www.quinoaetbasmati.fr\/index.php\/2018\/05\/23\/jenny-des-papilles-qui-petillent\/#article","isPartOf":{"@id":"https:\/\/www.quinoaetbasmati.fr\/index.php\/2018\/05\/23\/jenny-des-papilles-qui-petillent\/"},"author":{"name":"Sarra","@id":"https:\/\/www.quinoaetbasmati.fr\/#\/schema\/person\/21c75a6815a94cba09b349c791a05200"},"headline":"Jenny-des papilles qui p\u00e9tillent","datePublished":"2018-05-23T04:30:02+00:00","dateModified":"2018-05-23T04:37:50+00:00","mainEntityOfPage":{"@id":"https:\/\/www.quinoaetbasmati.fr\/index.php\/2018\/05\/23\/jenny-des-papilles-qui-petillent\/"},"wordCount":955,"commentCount":7,"publisher":{"@id":"https:\/\/www.quinoaetbasmati.fr\/#organization"},"image":{"@id":"https:\/\/www.quinoaetbasmati.fr\/index.php\/2018\/05\/23\/jenny-des-papilles-qui-petillent\/#primaryimage"},"thumbnailUrl":"https:\/\/www.quinoaetbasmati.fr\/wp-content\/uploads\/2018\/05\/jenny.jpg","keywords":["alimentationsant\u00e9","changementdalimentation","despapillesquipetillent","hygienedevie","rhumatismes","sansgluten","sanslactose","seignalet","t\u00e9moignage","vapeurdouce"],"articleSection":["Les belles rencontres (les portraits)"],"inLanguage":"fr-FR","potentialAction":[{"@type":"CommentAction","name":"Comment","target":["https:\/\/www.quinoaetbasmati.fr\/index.php\/2018\/05\/23\/jenny-des-papilles-qui-petillent\/#respond"]}]},{"@type":"WebPage","@id":"https:\/\/www.quinoaetbasmati.fr\/index.php\/2018\/05\/23\/jenny-des-papilles-qui-petillent\/","url":"https:\/\/www.quinoaetbasmati.fr\/index.php\/2018\/05\/23\/jenny-des-papilles-qui-petillent\/","name":"Jenny-des papilles qui p\u00e9tillent - Quinoa et Basmati","isPartOf":{"@id":"https:\/\/www.quinoaetbasmati.fr\/#website"},"primaryImageOfPage":{"@id":"https:\/\/www.quinoaetbasmati.fr\/index.php\/2018\/05\/23\/jenny-des-papilles-qui-petillent\/#primaryimage"},"image":{"@id":"https:\/\/www.quinoaetbasmati.fr\/index.php\/2018\/05\/23\/jenny-des-papilles-qui-petillent\/#primaryimage"},"thumbnailUrl":"https:\/\/www.quinoaetbasmati.fr\/wp-content\/uploads\/2018\/05\/jenny.jpg","datePublished":"2018-05-23T04:30:02+00:00","dateModified":"2018-05-23T04:37:50+00:00","breadcrumb":{"@id":"https:\/\/www.quinoaetbasmati.fr\/index.php\/2018\/05\/23\/jenny-des-papilles-qui-petillent\/#breadcrumb"},"inLanguage":"fr-FR","potentialAction":[{"@type":"ReadAction","target":["https:\/\/www.quinoaetbasmati.fr\/index.php\/2018\/05\/23\/jenny-des-papilles-qui-petillent\/"]}]},{"@type":"ImageObject","inLanguage":"fr-FR","@id":"https:\/\/www.quinoaetbasmati.fr\/index.php\/2018\/05\/23\/jenny-des-papilles-qui-petillent\/#primaryimage","url":"https:\/\/www.quinoaetbasmati.fr\/wp-content\/uploads\/2018\/05\/jenny.jpg","contentUrl":"https:\/\/www.quinoaetbasmati.fr\/wp-content\/uploads\/2018\/05\/jenny.jpg","width":747,"height":840},{"@type":"BreadcrumbList","@id":"https:\/\/www.quinoaetbasmati.fr\/index.php\/2018\/05\/23\/jenny-des-papilles-qui-petillent\/#breadcrumb","itemListElement":[{"@type":"ListItem","position":1,"name":"Accueil","item":"https:\/\/www.quinoaetbasmati.fr\/"},{"@type":"ListItem","position":2,"name":"Jenny-des papilles qui p\u00e9tillent"}]},{"@type":"WebSite","@id":"https:\/\/www.quinoaetbasmati.fr\/#website","url":"https:\/\/www.quinoaetbasmati.fr\/","name":"Quinoa et Basmati","description":"Tambouilles saines et gourmandes","publisher":{"@id":"https:\/\/www.quinoaetbasmati.fr\/#organization"},"potentialAction":[{"@type":"SearchAction","target":{"@type":"EntryPoint","urlTemplate":"https:\/\/www.quinoaetbasmati.fr\/?s={search_term_string}"},"query-input":{"@type":"PropertyValueSpecification","valueRequired":true,"valueName":"search_term_string"}}],"inLanguage":"fr-FR"},{"@type":"Organization","@id":"https:\/\/www.quinoaetbasmati.fr\/#organization","name":"Quinoa et Basmati","url":"https:\/\/www.quinoaetbasmati.fr\/","logo":{"@type":"ImageObject","inLanguage":"fr-FR","@id":"https:\/\/www.quinoaetbasmati.fr\/#\/schema\/logo\/image\/","url":"https:\/\/www.quinoaetbasmati.fr\/wp-content\/uploads\/2018\/01\/cropped-27604279_10156154691158069_1209813160_o-4.jpg","contentUrl":"https:\/\/www.quinoaetbasmati.fr\/wp-content\/uploads\/2018\/01\/cropped-27604279_10156154691158069_1209813160_o-4.jpg","width":455,"height":175,"caption":"Quinoa et Basmati"},"image":{"@id":"https:\/\/www.quinoaetbasmati.fr\/#\/schema\/logo\/image\/"}},{"@type":"Person","@id":"https:\/\/www.quinoaetbasmati.fr\/#\/schema\/person\/21c75a6815a94cba09b349c791a05200","name":"Sarra","image":{"@type":"ImageObject","inLanguage":"fr-FR","@id":"https:\/\/www.quinoaetbasmati.fr\/#\/schema\/person\/image\/","url":"https:\/\/secure.gravatar.com\/avatar\/c0b39ca0d8387dd6fa9f63e57d897929f78c0e468fae66ce7d91f34122a1c1d1?s=96&d=mm&r=g","contentUrl":"https:\/\/secure.gravatar.com\/avatar\/c0b39ca0d8387dd6fa9f63e57d897929f78c0e468fae66ce7d91f34122a1c1d1?s=96&d=mm&r=g","caption":"Sarra"},"url":"https:\/\/www.quinoaetbasmati.fr\/index.php\/author\/sarra\/"}]}},"_links":{"self":[{"href":"https:\/\/www.quinoaetbasmati.fr\/index.php\/wp-json\/wp\/v2\/posts\/2098","targetHints":{"allow":["GET"]}}],"collection":[{"href":"https:\/\/www.quinoaetbasmati.fr\/index.php\/wp-json\/wp\/v2\/posts"}],"about":[{"href":"https:\/\/www.quinoaetbasmati.fr\/index.php\/wp-json\/wp\/v2\/types\/post"}],"author":[{"embeddable":true,"href":"https:\/\/www.quinoaetbasmati.fr\/index.php\/wp-json\/wp\/v2\/users\/1"}],"replies":[{"embeddable":true,"href":"https:\/\/www.quinoaetbasmati.fr\/index.php\/wp-json\/wp\/v2\/comments?post=2098"}],"version-history":[{"count":13,"href":"https:\/\/www.quinoaetbasmati.fr\/index.php\/wp-json\/wp\/v2\/posts\/2098\/revisions"}],"predecessor-version":[{"id":2143,"href":"https:\/\/www.quinoaetbasmati.fr\/index.php\/wp-json\/wp\/v2\/posts\/2098\/revisions\/2143"}],"wp:featuredmedia":[{"embeddable":true,"href":"https:\/\/www.quinoaetbasmati.fr\/index.php\/wp-json\/wp\/v2\/media\/2138"}],"wp:attachment":[{"href":"https:\/\/www.quinoaetbasmati.fr\/index.php\/wp-json\/wp\/v2\/media?parent=2098"}],"wp:term":[{"taxonomy":"category","embeddable":true,"href":"https:\/\/www.quinoaetbasmati.fr\/index.php\/wp-json\/wp\/v2\/categories?post=2098"},{"taxonomy":"post_tag","embeddable":true,"href":"https:\/\/www.quinoaetbasmati.fr\/index.php\/wp-json\/wp\/v2\/tags?post=2098"}],"curies":[{"name":"wp","href":"https:\/\/api.w.org\/{rel}","templated":true}]}}