{"id":2368,"date":"2018-06-29T13:01:56","date_gmt":"2018-06-29T11:01:56","guid":{"rendered":"https:\/\/www.quinoaetbasmati.fr\/?p=2368"},"modified":"2021-12-02T17:52:40","modified_gmt":"2021-12-02T16:52:40","slug":"cake-aperitif-au-thon-et-aux-tomates-sechees","status":"publish","type":"post","link":"https:\/\/www.quinoaetbasmati.fr\/index.php\/2018\/06\/29\/cake-aperitif-au-thon-et-aux-tomates-sechees\/","title":{"rendered":"Cake ap\u00e9ritif, thon et tomates s\u00e9ch\u00e9es"},"content":{"rendered":"<p><span style=\"font-size: 12pt; font-family: 'times new roman', times, serif;\">Avec un tel <strong>soleil<\/strong>, ce <strong>week-end<\/strong> sera <strong>ap\u00e9ros<\/strong> ou ne sera pas!<\/span><\/p>\n<p><span style=\"font-size: 12pt; font-family: 'times new roman', times, serif;\">Je d\u00e9pose \u00e0 c\u00f4t\u00e9 de l&rsquo;<a href=\"https:\/\/www.quinoaetbasmati.fr\/index.php\/2017\/07\/16\/houmous-mon-amour\/\">houmous<\/a> ador\u00e9 et des incontournables <a href=\"https:\/\/www.quinoaetbasmati.fr\/index.php\/2017\/07\/16\/crackers-aperitifs-aux-graines\/\">crackers aux graines<\/a> ces <strong>petites bouch\u00e9es de cake au thon et aux tomates s\u00e9ch\u00e9es <\/strong>pour que le tableau soit <strong>parfait<\/strong>!<\/span><\/p>\n<p>&nbsp;<\/p>\n<p style=\"text-align: center;\"><span style=\"font-size: 12pt; font-family: 'times new roman', times, serif;\"><strong>Ingr\u00e9dients<\/strong><\/span><\/p>\n<p>&nbsp;<\/p>\n<p><span style=\"font-size: 12pt; font-family: 'times new roman', times, serif;\"><em>Pour la base du cake<\/em><\/span><\/p>\n<ul>\n<li><span style=\"font-size: 12pt; font-family: 'times new roman', times, serif;\">70 gr de f\u00e9cule de pomme de terre<\/span><\/li>\n<li><span style=\"font-size: 12pt; font-family: 'times new roman', times, serif;\">70 gr de farine de riz complet<\/span><\/li>\n<li><span style=\"font-size: 12pt; font-family: 'times new roman', times, serif;\">3 \u0153ufs<\/span><\/li>\n<li><span style=\"font-size: 12pt; font-family: 'times new roman', times, serif;\">200 ml de lait de soja nature<\/span><\/li>\n<li><span style=\"font-size: 12pt; font-family: 'times new roman', times, serif;\">1 cuill\u00e8re \u00e0 soupe de cr\u00e8me de soja<\/span><\/li>\n<li><span style=\"font-size: 12pt; font-family: 'times new roman', times, serif;\">1 sachet de levure sans gluten<\/span><\/li>\n<li><span style=\"font-size: 12pt; font-family: 'times new roman', times, serif;\">2 cuill\u00e8res \u00e0 soupe d&rsquo;huile d&rsquo;olive<\/span><\/li>\n<li><span style=\"font-size: 12pt; font-family: 'times new roman', times, serif;\">1 cuill\u00e8re \u00e0 caf\u00e9 de cumin<\/span><\/li>\n<li><span style=\"font-size: 12pt; font-family: 'times new roman', times, serif;\">des herbes de Provence<\/span><\/li>\n<li><span style=\"font-size: 12pt; font-family: 'times new roman', times, serif;\">sel, poivre<\/span><\/li>\n<\/ul>\n<p><span style=\"font-size: 12pt; font-family: 'times new roman', times, serif;\"><em>Pour la garniture (\u00e0 adapter \u00e0 l&rsquo;envie!)<\/em><\/span><\/p>\n<ul>\n<li><span style=\"font-size: 12pt; font-family: 'times new roman', times, serif;\">1 petite bo\u00eete de thon au naturel<\/span><\/li>\n<li><span style=\"font-size: 12pt; font-family: 'times new roman', times, serif;\">une dizaine de tomates s\u00e9ch\u00e9es \u00e9goutt\u00e9es<\/span><\/li>\n<\/ul>\n<p>&nbsp;<\/p>\n<p style=\"text-align: center;\"><span style=\"font-size: 12pt; font-family: 'times new roman', times, serif;\"><strong>Tambouille<\/strong><\/span><\/p>\n<p>&nbsp;<\/p>\n<p><span style=\"font-size: 12pt; font-family: 'times new roman', times, serif;\"><strong>Battez<\/strong> les \u0153ufs<\/span><\/p>\n<p><span style=\"font-size: 12pt; font-family: 'times new roman', times, serif;\"><strong>Ajoutez<\/strong> les ingr\u00e9dients secs (farine, f\u00e9cule, levure), <strong>m\u00e9langez<\/strong><\/span><\/p>\n<p><span style=\"font-size: 12pt; font-family: 'times new roman', times, serif;\"><strong>Ajoutez<\/strong>\u00a0la cr\u00e8me de soja, l&rsquo;huile, <strong>assaisonnez<\/strong> et <strong>m\u00e9langez<\/strong><\/span><\/p>\n<p><span style=\"font-size: 12pt; font-family: 'times new roman', times, serif;\"><strong>Incorporez<\/strong> le thon \u00e9goutt\u00e9 et \u00e9miett\u00e9 ainsi que les tomates s\u00e9ch\u00e9es d\u00e9coup\u00e9es en petits morceaux<\/span><\/p>\n<p><span style=\"font-size: 12pt; font-family: 'times new roman', times, serif;\"><strong>Versez<\/strong> le lait de soja en continuant \u00e0 m\u00e9langer<\/span><\/p>\n<p><span style=\"font-size: 12pt; font-family: 'times new roman', times, serif;\"><strong>Graissez<\/strong> un moule \u00e0 cake avec de l&rsquo;huile d&rsquo;olive et <strong>versez-y<\/strong> la pr\u00e9paration<\/span><\/p>\n<p><span style=\"font-size: 12pt; font-family: 'times new roman', times, serif;\"><strong>Faites cuire<\/strong> 30 minutes \u00e0 180\u00b0<\/span><\/p>\n<p><span style=\"font-size: 12pt; font-family: 'times new roman', times, serif;\"><strong>Coupez<\/strong> en petits morceaux et <strong>servez<\/strong> sur un joli plat<\/span><\/p>\n<p>&nbsp;<\/p>\n<p style=\"text-align: center;\"><span style=\"font-size: 12pt; font-family: 'times new roman', times, serif;\"><strong>R\u00e9galez-vous<\/strong>!<\/span><\/p>\n<p>&nbsp;<\/p>\n<p><span style=\"font-size: 12pt; font-family: 'times new roman', times, serif;\"><em>Id\u00e9e de repas estival: Ce cake peut aussi \u00eatre servi en tranches avec une petite salade!<\/em><\/span><\/p>\n","protected":false},"excerpt":{"rendered":"<p>Avec un tel soleil, ce week-end sera ap\u00e9ros ou ne sera pas! Je d\u00e9pose \u00e0 c\u00f4t\u00e9 de l&rsquo;houmous ador\u00e9 et des incontournables crackers aux graines ces petites bouch\u00e9es de cake au thon et aux tomates s\u00e9ch\u00e9es pour que le tableau soit parfait! &nbsp; Ingr\u00e9dients &nbsp; [&hellip;]<\/p>\n","protected":false},"author":1,"featured_media":2369,"comment_status":"open","ping_status":"open","sticky":false,"template":"","format":"standard","meta":{"footnotes":""},"categories":[13,848,911],"tags":[126,137,138,215,1664,15,59,1602,1882],"class_list":["post-2368","post","type-post","status-publish","format-standard","has-post-thumbnail","hentry","category-apero","category-cakes-et-gaufres-salees","category-coin-sale","tag-aperitif","tag-cake","tag-cakesale","tag-farinederiz","tag-feculedepommedeterre","tag-sansgluten","tag-sanslait","tag-thon","tag-tomatesechee"],"yoast_head":"<!-- This site is optimized with the Yoast SEO plugin v24.4 - https:\/\/yoast.com\/wordpress\/plugins\/seo\/ -->\n<title>Cake ap\u00e9ritif, thon et tomates s\u00e9ch\u00e9es - Quinoa et Basmati<\/title>\n<meta name=\"description\" content=\"Recette de cake ap\u00e9ritif sal\u00e9 sans gluten sans lait \u00e0 base de farine de riz complet et de f\u00e9cule.\" \/>\n<meta name=\"robots\" content=\"index, follow, max-snippet:-1, max-image-preview:large, max-video-preview:-1\" \/>\n<link rel=\"canonical\" href=\"https:\/\/www.quinoaetbasmati.fr\/index.php\/2018\/06\/29\/cake-aperitif-au-thon-et-aux-tomates-sechees\/\" \/>\n<meta property=\"og:locale\" content=\"fr_FR\" \/>\n<meta property=\"og:type\" content=\"article\" \/>\n<meta property=\"og:title\" content=\"Cake ap\u00e9ritif, thon et tomates s\u00e9ch\u00e9es - Quinoa et Basmati\" \/>\n<meta property=\"og:description\" content=\"Recette de cake ap\u00e9ritif sal\u00e9 sans gluten sans lait \u00e0 base de farine de riz complet et de f\u00e9cule.\" \/>\n<meta property=\"og:url\" content=\"https:\/\/www.quinoaetbasmati.fr\/index.php\/2018\/06\/29\/cake-aperitif-au-thon-et-aux-tomates-sechees\/\" \/>\n<meta property=\"og:site_name\" content=\"Quinoa et Basmati\" \/>\n<meta property=\"article:published_time\" content=\"2018-06-29T11:01:56+00:00\" \/>\n<meta property=\"article:modified_time\" content=\"2021-12-02T16:52:40+00:00\" \/>\n<meta property=\"og:image\" content=\"https:\/\/www.quinoaetbasmati.fr\/wp-content\/uploads\/2018\/06\/bouch\u00e9es1-scaled.jpg\" \/>\n\t<meta property=\"og:image:width\" content=\"2560\" \/>\n\t<meta property=\"og:image:height\" content=\"1795\" \/>\n\t<meta property=\"og:image:type\" content=\"image\/jpeg\" \/>\n<meta name=\"author\" content=\"Sarra\" \/>\n<meta name=\"twitter:card\" content=\"summary_large_image\" \/>\n<meta name=\"twitter:label1\" content=\"\u00c9crit par\" \/>\n\t<meta name=\"twitter:data1\" content=\"Sarra\" \/>\n\t<meta name=\"twitter:label2\" content=\"Dur\u00e9e de lecture estim\u00e9e\" \/>\n\t<meta name=\"twitter:data2\" content=\"1 minute\" \/>\n<script type=\"application\/ld+json\" class=\"yoast-schema-graph\">{\"@context\":\"https:\/\/schema.org\",\"@graph\":[{\"@type\":\"Article\",\"@id\":\"https:\/\/www.quinoaetbasmati.fr\/index.php\/2018\/06\/29\/cake-aperitif-au-thon-et-aux-tomates-sechees\/#article\",\"isPartOf\":{\"@id\":\"https:\/\/www.quinoaetbasmati.fr\/index.php\/2018\/06\/29\/cake-aperitif-au-thon-et-aux-tomates-sechees\/\"},\"author\":{\"name\":\"Sarra\",\"@id\":\"https:\/\/www.quinoaetbasmati.fr\/#\/schema\/person\/21c75a6815a94cba09b349c791a05200\"},\"headline\":\"Cake ap\u00e9ritif, thon et tomates s\u00e9ch\u00e9es\",\"datePublished\":\"2018-06-29T11:01:56+00:00\",\"dateModified\":\"2021-12-02T16:52:40+00:00\",\"mainEntityOfPage\":{\"@id\":\"https:\/\/www.quinoaetbasmati.fr\/index.php\/2018\/06\/29\/cake-aperitif-au-thon-et-aux-tomates-sechees\/\"},\"wordCount\":239,\"commentCount\":4,\"publisher\":{\"@id\":\"https:\/\/www.quinoaetbasmati.fr\/#organization\"},\"image\":{\"@id\":\"https:\/\/www.quinoaetbasmati.fr\/index.php\/2018\/06\/29\/cake-aperitif-au-thon-et-aux-tomates-sechees\/#primaryimage\"},\"thumbnailUrl\":\"https:\/\/www.quinoaetbasmati.fr\/wp-content\/uploads\/2018\/06\/bouch\u00e9es1-scaled.jpg\",\"keywords\":[\"ap\u00e9ritif\",\"cake\",\"cakesal\u00e9\",\"farinederiz\",\"f\u00e9culedepommedeterre\",\"sansgluten\",\"sanslait\",\"thon\",\"tomates\u00e9ch\u00e9e\"],\"articleSection\":[\"Ap\u00e9ro\",\"Cakes et gaufres sal\u00e9es\",\"Coin sal\u00e9\"],\"inLanguage\":\"fr-FR\",\"potentialAction\":[{\"@type\":\"CommentAction\",\"name\":\"Comment\",\"target\":[\"https:\/\/www.quinoaetbasmati.fr\/index.php\/2018\/06\/29\/cake-aperitif-au-thon-et-aux-tomates-sechees\/#respond\"]}]},{\"@type\":\"WebPage\",\"@id\":\"https:\/\/www.quinoaetbasmati.fr\/index.php\/2018\/06\/29\/cake-aperitif-au-thon-et-aux-tomates-sechees\/\",\"url\":\"https:\/\/www.quinoaetbasmati.fr\/index.php\/2018\/06\/29\/cake-aperitif-au-thon-et-aux-tomates-sechees\/\",\"name\":\"Cake ap\u00e9ritif, thon et tomates s\u00e9ch\u00e9es - Quinoa et Basmati\",\"isPartOf\":{\"@id\":\"https:\/\/www.quinoaetbasmati.fr\/#website\"},\"primaryImageOfPage\":{\"@id\":\"https:\/\/www.quinoaetbasmati.fr\/index.php\/2018\/06\/29\/cake-aperitif-au-thon-et-aux-tomates-sechees\/#primaryimage\"},\"image\":{\"@id\":\"https:\/\/www.quinoaetbasmati.fr\/index.php\/2018\/06\/29\/cake-aperitif-au-thon-et-aux-tomates-sechees\/#primaryimage\"},\"thumbnailUrl\":\"https:\/\/www.quinoaetbasmati.fr\/wp-content\/uploads\/2018\/06\/bouch\u00e9es1-scaled.jpg\",\"datePublished\":\"2018-06-29T11:01:56+00:00\",\"dateModified\":\"2021-12-02T16:52:40+00:00\",\"description\":\"Recette de cake ap\u00e9ritif sal\u00e9 sans gluten sans lait \u00e0 base de farine de riz complet et de f\u00e9cule.\",\"breadcrumb\":{\"@id\":\"https:\/\/www.quinoaetbasmati.fr\/index.php\/2018\/06\/29\/cake-aperitif-au-thon-et-aux-tomates-sechees\/#breadcrumb\"},\"inLanguage\":\"fr-FR\",\"potentialAction\":[{\"@type\":\"ReadAction\",\"target\":[\"https:\/\/www.quinoaetbasmati.fr\/index.php\/2018\/06\/29\/cake-aperitif-au-thon-et-aux-tomates-sechees\/\"]}]},{\"@type\":\"ImageObject\",\"inLanguage\":\"fr-FR\",\"@id\":\"https:\/\/www.quinoaetbasmati.fr\/index.php\/2018\/06\/29\/cake-aperitif-au-thon-et-aux-tomates-sechees\/#primaryimage\",\"url\":\"https:\/\/www.quinoaetbasmati.fr\/wp-content\/uploads\/2018\/06\/bouch\u00e9es1-scaled.jpg\",\"contentUrl\":\"https:\/\/www.quinoaetbasmati.fr\/wp-content\/uploads\/2018\/06\/bouch\u00e9es1-scaled.jpg\",\"width\":2560,\"height\":1795,\"caption\":\"cake sal\u00e9 sans gluten sans lait\"},{\"@type\":\"BreadcrumbList\",\"@id\":\"https:\/\/www.quinoaetbasmati.fr\/index.php\/2018\/06\/29\/cake-aperitif-au-thon-et-aux-tomates-sechees\/#breadcrumb\",\"itemListElement\":[{\"@type\":\"ListItem\",\"position\":1,\"name\":\"Accueil\",\"item\":\"https:\/\/www.quinoaetbasmati.fr\/\"},{\"@type\":\"ListItem\",\"position\":2,\"name\":\"Cake ap\u00e9ritif, thon et tomates s\u00e9ch\u00e9es\"}]},{\"@type\":\"WebSite\",\"@id\":\"https:\/\/www.quinoaetbasmati.fr\/#website\",\"url\":\"https:\/\/www.quinoaetbasmati.fr\/\",\"name\":\"Quinoa et Basmati\",\"description\":\"Tambouilles saines et gourmandes\",\"publisher\":{\"@id\":\"https:\/\/www.quinoaetbasmati.fr\/#organization\"},\"potentialAction\":[{\"@type\":\"SearchAction\",\"target\":{\"@type\":\"EntryPoint\",\"urlTemplate\":\"https:\/\/www.quinoaetbasmati.fr\/?s={search_term_string}\"},\"query-input\":{\"@type\":\"PropertyValueSpecification\",\"valueRequired\":true,\"valueName\":\"search_term_string\"}}],\"inLanguage\":\"fr-FR\"},{\"@type\":\"Organization\",\"@id\":\"https:\/\/www.quinoaetbasmati.fr\/#organization\",\"name\":\"Quinoa et Basmati\",\"url\":\"https:\/\/www.quinoaetbasmati.fr\/\",\"logo\":{\"@type\":\"ImageObject\",\"inLanguage\":\"fr-FR\",\"@id\":\"https:\/\/www.quinoaetbasmati.fr\/#\/schema\/logo\/image\/\",\"url\":\"https:\/\/www.quinoaetbasmati.fr\/wp-content\/uploads\/2018\/01\/cropped-27604279_10156154691158069_1209813160_o-4.jpg\",\"contentUrl\":\"https:\/\/www.quinoaetbasmati.fr\/wp-content\/uploads\/2018\/01\/cropped-27604279_10156154691158069_1209813160_o-4.jpg\",\"width\":455,\"height\":175,\"caption\":\"Quinoa et Basmati\"},\"image\":{\"@id\":\"https:\/\/www.quinoaetbasmati.fr\/#\/schema\/logo\/image\/\"}},{\"@type\":\"Person\",\"@id\":\"https:\/\/www.quinoaetbasmati.fr\/#\/schema\/person\/21c75a6815a94cba09b349c791a05200\",\"name\":\"Sarra\",\"image\":{\"@type\":\"ImageObject\",\"inLanguage\":\"fr-FR\",\"@id\":\"https:\/\/www.quinoaetbasmati.fr\/#\/schema\/person\/image\/\",\"url\":\"https:\/\/secure.gravatar.com\/avatar\/c0b39ca0d8387dd6fa9f63e57d897929f78c0e468fae66ce7d91f34122a1c1d1?s=96&d=mm&r=g\",\"contentUrl\":\"https:\/\/secure.gravatar.com\/avatar\/c0b39ca0d8387dd6fa9f63e57d897929f78c0e468fae66ce7d91f34122a1c1d1?s=96&d=mm&r=g\",\"caption\":\"Sarra\"},\"url\":\"https:\/\/www.quinoaetbasmati.fr\/index.php\/author\/sarra\/\"}]}<\/script>\n<!-- \/ Yoast SEO plugin. -->","yoast_head_json":{"title":"Cake ap\u00e9ritif, thon et tomates s\u00e9ch\u00e9es - Quinoa et Basmati","description":"Recette de cake ap\u00e9ritif sal\u00e9 sans gluten sans lait \u00e0 base de farine de riz complet et de f\u00e9cule.","robots":{"index":"index","follow":"follow","max-snippet":"max-snippet:-1","max-image-preview":"max-image-preview:large","max-video-preview":"max-video-preview:-1"},"canonical":"https:\/\/www.quinoaetbasmati.fr\/index.php\/2018\/06\/29\/cake-aperitif-au-thon-et-aux-tomates-sechees\/","og_locale":"fr_FR","og_type":"article","og_title":"Cake ap\u00e9ritif, thon et tomates s\u00e9ch\u00e9es - Quinoa et Basmati","og_description":"Recette de cake ap\u00e9ritif sal\u00e9 sans gluten sans lait \u00e0 base de farine de riz complet et de f\u00e9cule.","og_url":"https:\/\/www.quinoaetbasmati.fr\/index.php\/2018\/06\/29\/cake-aperitif-au-thon-et-aux-tomates-sechees\/","og_site_name":"Quinoa et Basmati","article_published_time":"2018-06-29T11:01:56+00:00","article_modified_time":"2021-12-02T16:52:40+00:00","og_image":[{"width":2560,"height":1795,"url":"https:\/\/www.quinoaetbasmati.fr\/wp-content\/uploads\/2018\/06\/bouch\u00e9es1-scaled.jpg","type":"image\/jpeg"}],"author":"Sarra","twitter_card":"summary_large_image","twitter_misc":{"\u00c9crit par":"Sarra","Dur\u00e9e de lecture estim\u00e9e":"1 minute"},"schema":{"@context":"https:\/\/schema.org","@graph":[{"@type":"Article","@id":"https:\/\/www.quinoaetbasmati.fr\/index.php\/2018\/06\/29\/cake-aperitif-au-thon-et-aux-tomates-sechees\/#article","isPartOf":{"@id":"https:\/\/www.quinoaetbasmati.fr\/index.php\/2018\/06\/29\/cake-aperitif-au-thon-et-aux-tomates-sechees\/"},"author":{"name":"Sarra","@id":"https:\/\/www.quinoaetbasmati.fr\/#\/schema\/person\/21c75a6815a94cba09b349c791a05200"},"headline":"Cake ap\u00e9ritif, thon et tomates s\u00e9ch\u00e9es","datePublished":"2018-06-29T11:01:56+00:00","dateModified":"2021-12-02T16:52:40+00:00","mainEntityOfPage":{"@id":"https:\/\/www.quinoaetbasmati.fr\/index.php\/2018\/06\/29\/cake-aperitif-au-thon-et-aux-tomates-sechees\/"},"wordCount":239,"commentCount":4,"publisher":{"@id":"https:\/\/www.quinoaetbasmati.fr\/#organization"},"image":{"@id":"https:\/\/www.quinoaetbasmati.fr\/index.php\/2018\/06\/29\/cake-aperitif-au-thon-et-aux-tomates-sechees\/#primaryimage"},"thumbnailUrl":"https:\/\/www.quinoaetbasmati.fr\/wp-content\/uploads\/2018\/06\/bouch\u00e9es1-scaled.jpg","keywords":["ap\u00e9ritif","cake","cakesal\u00e9","farinederiz","f\u00e9culedepommedeterre","sansgluten","sanslait","thon","tomates\u00e9ch\u00e9e"],"articleSection":["Ap\u00e9ro","Cakes et gaufres sal\u00e9es","Coin sal\u00e9"],"inLanguage":"fr-FR","potentialAction":[{"@type":"CommentAction","name":"Comment","target":["https:\/\/www.quinoaetbasmati.fr\/index.php\/2018\/06\/29\/cake-aperitif-au-thon-et-aux-tomates-sechees\/#respond"]}]},{"@type":"WebPage","@id":"https:\/\/www.quinoaetbasmati.fr\/index.php\/2018\/06\/29\/cake-aperitif-au-thon-et-aux-tomates-sechees\/","url":"https:\/\/www.quinoaetbasmati.fr\/index.php\/2018\/06\/29\/cake-aperitif-au-thon-et-aux-tomates-sechees\/","name":"Cake ap\u00e9ritif, thon et tomates s\u00e9ch\u00e9es - Quinoa et Basmati","isPartOf":{"@id":"https:\/\/www.quinoaetbasmati.fr\/#website"},"primaryImageOfPage":{"@id":"https:\/\/www.quinoaetbasmati.fr\/index.php\/2018\/06\/29\/cake-aperitif-au-thon-et-aux-tomates-sechees\/#primaryimage"},"image":{"@id":"https:\/\/www.quinoaetbasmati.fr\/index.php\/2018\/06\/29\/cake-aperitif-au-thon-et-aux-tomates-sechees\/#primaryimage"},"thumbnailUrl":"https:\/\/www.quinoaetbasmati.fr\/wp-content\/uploads\/2018\/06\/bouch\u00e9es1-scaled.jpg","datePublished":"2018-06-29T11:01:56+00:00","dateModified":"2021-12-02T16:52:40+00:00","description":"Recette de cake ap\u00e9ritif sal\u00e9 sans gluten sans lait \u00e0 base de farine de riz complet et de f\u00e9cule.","breadcrumb":{"@id":"https:\/\/www.quinoaetbasmati.fr\/index.php\/2018\/06\/29\/cake-aperitif-au-thon-et-aux-tomates-sechees\/#breadcrumb"},"inLanguage":"fr-FR","potentialAction":[{"@type":"ReadAction","target":["https:\/\/www.quinoaetbasmati.fr\/index.php\/2018\/06\/29\/cake-aperitif-au-thon-et-aux-tomates-sechees\/"]}]},{"@type":"ImageObject","inLanguage":"fr-FR","@id":"https:\/\/www.quinoaetbasmati.fr\/index.php\/2018\/06\/29\/cake-aperitif-au-thon-et-aux-tomates-sechees\/#primaryimage","url":"https:\/\/www.quinoaetbasmati.fr\/wp-content\/uploads\/2018\/06\/bouch\u00e9es1-scaled.jpg","contentUrl":"https:\/\/www.quinoaetbasmati.fr\/wp-content\/uploads\/2018\/06\/bouch\u00e9es1-scaled.jpg","width":2560,"height":1795,"caption":"cake sal\u00e9 sans gluten sans lait"},{"@type":"BreadcrumbList","@id":"https:\/\/www.quinoaetbasmati.fr\/index.php\/2018\/06\/29\/cake-aperitif-au-thon-et-aux-tomates-sechees\/#breadcrumb","itemListElement":[{"@type":"ListItem","position":1,"name":"Accueil","item":"https:\/\/www.quinoaetbasmati.fr\/"},{"@type":"ListItem","position":2,"name":"Cake ap\u00e9ritif, thon et tomates s\u00e9ch\u00e9es"}]},{"@type":"WebSite","@id":"https:\/\/www.quinoaetbasmati.fr\/#website","url":"https:\/\/www.quinoaetbasmati.fr\/","name":"Quinoa et Basmati","description":"Tambouilles saines et gourmandes","publisher":{"@id":"https:\/\/www.quinoaetbasmati.fr\/#organization"},"potentialAction":[{"@type":"SearchAction","target":{"@type":"EntryPoint","urlTemplate":"https:\/\/www.quinoaetbasmati.fr\/?s={search_term_string}"},"query-input":{"@type":"PropertyValueSpecification","valueRequired":true,"valueName":"search_term_string"}}],"inLanguage":"fr-FR"},{"@type":"Organization","@id":"https:\/\/www.quinoaetbasmati.fr\/#organization","name":"Quinoa et Basmati","url":"https:\/\/www.quinoaetbasmati.fr\/","logo":{"@type":"ImageObject","inLanguage":"fr-FR","@id":"https:\/\/www.quinoaetbasmati.fr\/#\/schema\/logo\/image\/","url":"https:\/\/www.quinoaetbasmati.fr\/wp-content\/uploads\/2018\/01\/cropped-27604279_10156154691158069_1209813160_o-4.jpg","contentUrl":"https:\/\/www.quinoaetbasmati.fr\/wp-content\/uploads\/2018\/01\/cropped-27604279_10156154691158069_1209813160_o-4.jpg","width":455,"height":175,"caption":"Quinoa et Basmati"},"image":{"@id":"https:\/\/www.quinoaetbasmati.fr\/#\/schema\/logo\/image\/"}},{"@type":"Person","@id":"https:\/\/www.quinoaetbasmati.fr\/#\/schema\/person\/21c75a6815a94cba09b349c791a05200","name":"Sarra","image":{"@type":"ImageObject","inLanguage":"fr-FR","@id":"https:\/\/www.quinoaetbasmati.fr\/#\/schema\/person\/image\/","url":"https:\/\/secure.gravatar.com\/avatar\/c0b39ca0d8387dd6fa9f63e57d897929f78c0e468fae66ce7d91f34122a1c1d1?s=96&d=mm&r=g","contentUrl":"https:\/\/secure.gravatar.com\/avatar\/c0b39ca0d8387dd6fa9f63e57d897929f78c0e468fae66ce7d91f34122a1c1d1?s=96&d=mm&r=g","caption":"Sarra"},"url":"https:\/\/www.quinoaetbasmati.fr\/index.php\/author\/sarra\/"}]}},"_links":{"self":[{"href":"https:\/\/www.quinoaetbasmati.fr\/index.php\/wp-json\/wp\/v2\/posts\/2368","targetHints":{"allow":["GET"]}}],"collection":[{"href":"https:\/\/www.quinoaetbasmati.fr\/index.php\/wp-json\/wp\/v2\/posts"}],"about":[{"href":"https:\/\/www.quinoaetbasmati.fr\/index.php\/wp-json\/wp\/v2\/types\/post"}],"author":[{"embeddable":true,"href":"https:\/\/www.quinoaetbasmati.fr\/index.php\/wp-json\/wp\/v2\/users\/1"}],"replies":[{"embeddable":true,"href":"https:\/\/www.quinoaetbasmati.fr\/index.php\/wp-json\/wp\/v2\/comments?post=2368"}],"version-history":[{"count":12,"href":"https:\/\/www.quinoaetbasmati.fr\/index.php\/wp-json\/wp\/v2\/posts\/2368\/revisions"}],"predecessor-version":[{"id":8849,"href":"https:\/\/www.quinoaetbasmati.fr\/index.php\/wp-json\/wp\/v2\/posts\/2368\/revisions\/8849"}],"wp:featuredmedia":[{"embeddable":true,"href":"https:\/\/www.quinoaetbasmati.fr\/index.php\/wp-json\/wp\/v2\/media\/2369"}],"wp:attachment":[{"href":"https:\/\/www.quinoaetbasmati.fr\/index.php\/wp-json\/wp\/v2\/media?parent=2368"}],"wp:term":[{"taxonomy":"category","embeddable":true,"href":"https:\/\/www.quinoaetbasmati.fr\/index.php\/wp-json\/wp\/v2\/categories?post=2368"},{"taxonomy":"post_tag","embeddable":true,"href":"https:\/\/www.quinoaetbasmati.fr\/index.php\/wp-json\/wp\/v2\/tags?post=2368"}],"curies":[{"name":"wp","href":"https:\/\/api.w.org\/{rel}","templated":true}]}}