{"id":2562,"date":"2018-07-18T17:18:58","date_gmt":"2018-07-18T15:18:58","guid":{"rendered":"https:\/\/www.quinoaetbasmati.fr\/?p=2562"},"modified":"2019-02-22T04:09:56","modified_gmt":"2019-02-22T03:09:56","slug":"duo-de-melons-a-la-menthe-fraiche","status":"publish","type":"post","link":"https:\/\/www.quinoaetbasmati.fr\/index.php\/2018\/07\/18\/duo-de-melons-a-la-menthe-fraiche\/","title":{"rendered":"Duo de melons \u00e0 la menthe fra\u00eeche"},"content":{"rendered":"<p><span style=\"font-size: 12pt; font-family: 'times new roman', times, serif;\"><em>Les choses les plus simples sont parfois les meilleures<\/em>&#8230;<\/span><\/p>\n<p><span style=\"font-size: 12pt; font-family: 'times new roman', times, serif;\">Voici une <strong>recette express<\/strong>, celle de mon <strong>go\u00fbter tout fruit\u00e9 et tout frais<\/strong> r\u00e9alis\u00e9 dans le cadre de la premi\u00e8re \u00e9dition du\u00a0<a href=\"https:\/\/www.instagram.com\/explore\/tags\/healthysummerandme\/\">healthysummerchallenge<\/a> qui a lieu sur instagram aujourd&rsquo;hui m\u00eame (une journ\u00e9e de menus en communs imagin\u00e9s par Jenny, <a href=\"https:\/\/www.instagram.com\/des_papilles_qui_petillent\/\">des papilles qui p\u00e9tillent<\/a>, que vous avez eu l&rsquo;occasion de rencontrer <a href=\"https:\/\/www.quinoaetbasmati.fr\/index.php\/2018\/05\/23\/jenny-des-papilles-qui-petillent\/\">par ici<\/a>,\u00a0 et moi m\u00eame)\u00a0 : <\/span><\/p>\n<p><span style=\"font-size: 12pt; font-family: 'times new roman', times, serif;\">un <strong>duo de melons \u00e0 la menthe fra\u00eeche<\/strong>&#8230;<\/span><\/p>\n<p><span style=\"font-size: 12pt; font-family: 'times new roman', times, serif;\">De quoi faire, au choix, une <strong>jolie entr\u00e9e<\/strong>, un <strong>terrible go\u00fbter<\/strong> ou un <strong>dessert l\u00e9ger<\/strong>!\u00a0<\/span><\/p>\n<p>&nbsp;<\/p>\n<p style=\"text-align: center;\"><span style=\"font-size: 12pt; font-family: 'times new roman', times, serif;\"><strong>Ingr\u00e9dients<\/strong><\/span><\/p>\n<p>&nbsp;<\/p>\n<p><span style=\"font-size: 12pt; font-family: 'times new roman', times, serif;\"><em>Pour une belle salade<\/em><\/span><\/p>\n<ul>\n<li><span style=\"font-size: 12pt; font-family: 'times new roman', times, serif;\">1 melon<\/span><\/li>\n<li><span style=\"font-size: 12pt; font-family: 'times new roman', times, serif;\">1 melon galia<\/span><\/li>\n<li><span style=\"font-size: 12pt; font-family: 'times new roman', times, serif;\">une dizaine de feuilles de menthe fra\u00eeche<\/span><\/li>\n<\/ul>\n<p>&nbsp;<\/p>\n<p style=\"text-align: center;\"><span style=\"font-size: 12pt; font-family: 'times new roman', times, serif;\"><strong>Tambouille express\u00a0<\/strong><\/span><\/p>\n<p>&nbsp;<\/p>\n<p><span style=\"font-size: 12pt; font-family: 'times new roman', times, serif;\"><strong>Coupez<\/strong> les melons en deux, <strong>\u00e9p\u00e9pinez-les<\/strong><\/span><\/p>\n<p><span style=\"font-size: 12pt; font-family: 'times new roman', times, serif;\"><strong>Formez<\/strong> des billes de melon \u00e0 l&rsquo;aide d&rsquo;une cuill\u00e8re \u00e0 lever et <strong>d\u00e9posez-les<\/strong> dans un joli saladier<\/span><\/p>\n<p><span style=\"font-size: 12pt; font-family: 'times new roman', times, serif;\"><strong>Ajoutez<\/strong> la menthe fra\u00eeche cisel\u00e9e<\/span><\/p>\n<p><span style=\"font-size: 12pt; font-family: 'times new roman', times, serif;\"><strong>R\u00e9servez<\/strong> au frais une petite heure (plus c&rsquo;est frais, meilleur c&rsquo;est!)<\/span><\/p>\n<p>&nbsp;<\/p>\n<p style=\"text-align: center;\"><span style=\"font-size: 12pt; font-family: 'times new roman', times, serif;\"><strong>D\u00e9gustez<\/strong>!<\/span><\/p>\n<p>&nbsp;<\/p>\n<p><span style=\"font-size: 12pt; font-family: 'times new roman', times, serif;\"><em>P.S: Pour une salade multifruits vous pouvez ajouter des morceaux de fraise et de kiwi&#8230;<\/em><\/span><\/p>\n","protected":false},"excerpt":{"rendered":"<p>Les choses les plus simples sont parfois les meilleures&#8230; Voici une recette express, celle de mon go\u00fbter tout fruit\u00e9 et tout frais r\u00e9alis\u00e9 dans le cadre de la premi\u00e8re \u00e9dition du\u00a0healthysummerchallenge qui a lieu sur instagram aujourd&rsquo;hui m\u00eame (une journ\u00e9e de menus en communs imagin\u00e9s [&hellip;]<\/p>\n","protected":false},"author":1,"featured_media":2565,"comment_status":"open","ping_status":"open","sticky":false,"template":"","format":"standard","meta":{"footnotes":""},"categories":[1380,910,591,849],"tags":[191,366,696,293,698,699,695,697,15,16],"class_list":["post-2562","post","type-post","status-publish","format-standard","has-post-thumbnail","hentry","category-coin-cru","category-coin-sucre","category-glace","category-salades","tag-alimentationsaine","tag-dessertfruite","tag-duodemelon","tag-fruits","tag-gouterfruiter","tag-healthysummerandme","tag-melon","tag-saladedefruit","tag-sansgluten","tag-sanslactose"],"yoast_head":"<!-- This site is optimized with the Yoast SEO plugin v24.4 - https:\/\/yoast.com\/wordpress\/plugins\/seo\/ -->\n<title>Duo de melons \u00e0 la menthe fra\u00eeche - Quinoa et Basmati<\/title>\n<meta name=\"robots\" content=\"index, follow, max-snippet:-1, max-image-preview:large, max-video-preview:-1\" \/>\n<link rel=\"canonical\" href=\"https:\/\/www.quinoaetbasmati.fr\/index.php\/2018\/07\/18\/duo-de-melons-a-la-menthe-fraiche\/\" \/>\n<meta property=\"og:locale\" content=\"fr_FR\" \/>\n<meta property=\"og:type\" content=\"article\" \/>\n<meta property=\"og:title\" content=\"Duo de melons \u00e0 la menthe fra\u00eeche - Quinoa et Basmati\" \/>\n<meta property=\"og:description\" content=\"Les choses les plus simples sont parfois les meilleures&#8230; Voici une recette express, celle de mon go\u00fbter tout fruit\u00e9 et tout frais r\u00e9alis\u00e9 dans le cadre de la premi\u00e8re \u00e9dition du\u00a0healthysummerchallenge qui a lieu sur instagram aujourd&rsquo;hui m\u00eame (une journ\u00e9e de menus en communs imagin\u00e9s [&hellip;]\" \/>\n<meta property=\"og:url\" content=\"https:\/\/www.quinoaetbasmati.fr\/index.php\/2018\/07\/18\/duo-de-melons-a-la-menthe-fraiche\/\" \/>\n<meta property=\"og:site_name\" content=\"Quinoa et Basmati\" \/>\n<meta property=\"article:published_time\" content=\"2018-07-18T15:18:58+00:00\" \/>\n<meta property=\"article:modified_time\" content=\"2019-02-22T03:09:56+00:00\" \/>\n<meta property=\"og:image\" content=\"https:\/\/www.quinoaetbasmati.fr\/wp-content\/uploads\/2018\/07\/duo-de-melon-1.jpg\" \/>\n\t<meta property=\"og:image:width\" content=\"706\" \/>\n\t<meta property=\"og:image:height\" content=\"720\" \/>\n\t<meta property=\"og:image:type\" content=\"image\/jpeg\" \/>\n<meta name=\"author\" content=\"Sarra\" \/>\n<meta name=\"twitter:card\" content=\"summary_large_image\" \/>\n<meta name=\"twitter:label1\" content=\"\u00c9crit par\" \/>\n\t<meta name=\"twitter:data1\" content=\"Sarra\" \/>\n\t<meta name=\"twitter:label2\" content=\"Dur\u00e9e de lecture estim\u00e9e\" \/>\n\t<meta name=\"twitter:data2\" content=\"1 minute\" \/>\n<script type=\"application\/ld+json\" class=\"yoast-schema-graph\">{\"@context\":\"https:\/\/schema.org\",\"@graph\":[{\"@type\":\"Article\",\"@id\":\"https:\/\/www.quinoaetbasmati.fr\/index.php\/2018\/07\/18\/duo-de-melons-a-la-menthe-fraiche\/#article\",\"isPartOf\":{\"@id\":\"https:\/\/www.quinoaetbasmati.fr\/index.php\/2018\/07\/18\/duo-de-melons-a-la-menthe-fraiche\/\"},\"author\":{\"name\":\"Sarra\",\"@id\":\"https:\/\/www.quinoaetbasmati.fr\/#\/schema\/person\/21c75a6815a94cba09b349c791a05200\"},\"headline\":\"Duo de melons \u00e0 la menthe fra\u00eeche\",\"datePublished\":\"2018-07-18T15:18:58+00:00\",\"dateModified\":\"2019-02-22T03:09:56+00:00\",\"mainEntityOfPage\":{\"@id\":\"https:\/\/www.quinoaetbasmati.fr\/index.php\/2018\/07\/18\/duo-de-melons-a-la-menthe-fraiche\/\"},\"wordCount\":191,\"commentCount\":2,\"publisher\":{\"@id\":\"https:\/\/www.quinoaetbasmati.fr\/#organization\"},\"image\":{\"@id\":\"https:\/\/www.quinoaetbasmati.fr\/index.php\/2018\/07\/18\/duo-de-melons-a-la-menthe-fraiche\/#primaryimage\"},\"thumbnailUrl\":\"https:\/\/www.quinoaetbasmati.fr\/wp-content\/uploads\/2018\/07\/duo-de-melon-1.jpg\",\"keywords\":[\"alimentationsaine\",\"dessertfruit\u00e9\",\"duodemelon\",\"fruits\",\"gouterfruiter\",\"healthysummerandme\",\"melon\",\"saladedefruit\",\"sansgluten\",\"sanslactose\"],\"articleSection\":[\"Coin cru\",\"Coin sucr\u00e9\",\"Fruits\",\"Salades\"],\"inLanguage\":\"fr-FR\",\"potentialAction\":[{\"@type\":\"CommentAction\",\"name\":\"Comment\",\"target\":[\"https:\/\/www.quinoaetbasmati.fr\/index.php\/2018\/07\/18\/duo-de-melons-a-la-menthe-fraiche\/#respond\"]}]},{\"@type\":\"WebPage\",\"@id\":\"https:\/\/www.quinoaetbasmati.fr\/index.php\/2018\/07\/18\/duo-de-melons-a-la-menthe-fraiche\/\",\"url\":\"https:\/\/www.quinoaetbasmati.fr\/index.php\/2018\/07\/18\/duo-de-melons-a-la-menthe-fraiche\/\",\"name\":\"Duo de melons \u00e0 la menthe fra\u00eeche - Quinoa et Basmati\",\"isPartOf\":{\"@id\":\"https:\/\/www.quinoaetbasmati.fr\/#website\"},\"primaryImageOfPage\":{\"@id\":\"https:\/\/www.quinoaetbasmati.fr\/index.php\/2018\/07\/18\/duo-de-melons-a-la-menthe-fraiche\/#primaryimage\"},\"image\":{\"@id\":\"https:\/\/www.quinoaetbasmati.fr\/index.php\/2018\/07\/18\/duo-de-melons-a-la-menthe-fraiche\/#primaryimage\"},\"thumbnailUrl\":\"https:\/\/www.quinoaetbasmati.fr\/wp-content\/uploads\/2018\/07\/duo-de-melon-1.jpg\",\"datePublished\":\"2018-07-18T15:18:58+00:00\",\"dateModified\":\"2019-02-22T03:09:56+00:00\",\"breadcrumb\":{\"@id\":\"https:\/\/www.quinoaetbasmati.fr\/index.php\/2018\/07\/18\/duo-de-melons-a-la-menthe-fraiche\/#breadcrumb\"},\"inLanguage\":\"fr-FR\",\"potentialAction\":[{\"@type\":\"ReadAction\",\"target\":[\"https:\/\/www.quinoaetbasmati.fr\/index.php\/2018\/07\/18\/duo-de-melons-a-la-menthe-fraiche\/\"]}]},{\"@type\":\"ImageObject\",\"inLanguage\":\"fr-FR\",\"@id\":\"https:\/\/www.quinoaetbasmati.fr\/index.php\/2018\/07\/18\/duo-de-melons-a-la-menthe-fraiche\/#primaryimage\",\"url\":\"https:\/\/www.quinoaetbasmati.fr\/wp-content\/uploads\/2018\/07\/duo-de-melon-1.jpg\",\"contentUrl\":\"https:\/\/www.quinoaetbasmati.fr\/wp-content\/uploads\/2018\/07\/duo-de-melon-1.jpg\",\"width\":706,\"height\":720},{\"@type\":\"BreadcrumbList\",\"@id\":\"https:\/\/www.quinoaetbasmati.fr\/index.php\/2018\/07\/18\/duo-de-melons-a-la-menthe-fraiche\/#breadcrumb\",\"itemListElement\":[{\"@type\":\"ListItem\",\"position\":1,\"name\":\"Accueil\",\"item\":\"https:\/\/www.quinoaetbasmati.fr\/\"},{\"@type\":\"ListItem\",\"position\":2,\"name\":\"Duo de melons \u00e0 la menthe fra\u00eeche\"}]},{\"@type\":\"WebSite\",\"@id\":\"https:\/\/www.quinoaetbasmati.fr\/#website\",\"url\":\"https:\/\/www.quinoaetbasmati.fr\/\",\"name\":\"Quinoa et Basmati\",\"description\":\"Tambouilles saines et gourmandes\",\"publisher\":{\"@id\":\"https:\/\/www.quinoaetbasmati.fr\/#organization\"},\"potentialAction\":[{\"@type\":\"SearchAction\",\"target\":{\"@type\":\"EntryPoint\",\"urlTemplate\":\"https:\/\/www.quinoaetbasmati.fr\/?s={search_term_string}\"},\"query-input\":{\"@type\":\"PropertyValueSpecification\",\"valueRequired\":true,\"valueName\":\"search_term_string\"}}],\"inLanguage\":\"fr-FR\"},{\"@type\":\"Organization\",\"@id\":\"https:\/\/www.quinoaetbasmati.fr\/#organization\",\"name\":\"Quinoa et Basmati\",\"url\":\"https:\/\/www.quinoaetbasmati.fr\/\",\"logo\":{\"@type\":\"ImageObject\",\"inLanguage\":\"fr-FR\",\"@id\":\"https:\/\/www.quinoaetbasmati.fr\/#\/schema\/logo\/image\/\",\"url\":\"https:\/\/www.quinoaetbasmati.fr\/wp-content\/uploads\/2018\/01\/cropped-27604279_10156154691158069_1209813160_o-4.jpg\",\"contentUrl\":\"https:\/\/www.quinoaetbasmati.fr\/wp-content\/uploads\/2018\/01\/cropped-27604279_10156154691158069_1209813160_o-4.jpg\",\"width\":455,\"height\":175,\"caption\":\"Quinoa et Basmati\"},\"image\":{\"@id\":\"https:\/\/www.quinoaetbasmati.fr\/#\/schema\/logo\/image\/\"}},{\"@type\":\"Person\",\"@id\":\"https:\/\/www.quinoaetbasmati.fr\/#\/schema\/person\/21c75a6815a94cba09b349c791a05200\",\"name\":\"Sarra\",\"image\":{\"@type\":\"ImageObject\",\"inLanguage\":\"fr-FR\",\"@id\":\"https:\/\/www.quinoaetbasmati.fr\/#\/schema\/person\/image\/\",\"url\":\"https:\/\/secure.gravatar.com\/avatar\/c0b39ca0d8387dd6fa9f63e57d897929f78c0e468fae66ce7d91f34122a1c1d1?s=96&d=mm&r=g\",\"contentUrl\":\"https:\/\/secure.gravatar.com\/avatar\/c0b39ca0d8387dd6fa9f63e57d897929f78c0e468fae66ce7d91f34122a1c1d1?s=96&d=mm&r=g\",\"caption\":\"Sarra\"},\"url\":\"https:\/\/www.quinoaetbasmati.fr\/index.php\/author\/sarra\/\"}]}<\/script>\n<!-- \/ Yoast SEO plugin. -->","yoast_head_json":{"title":"Duo de melons \u00e0 la menthe fra\u00eeche - Quinoa et Basmati","robots":{"index":"index","follow":"follow","max-snippet":"max-snippet:-1","max-image-preview":"max-image-preview:large","max-video-preview":"max-video-preview:-1"},"canonical":"https:\/\/www.quinoaetbasmati.fr\/index.php\/2018\/07\/18\/duo-de-melons-a-la-menthe-fraiche\/","og_locale":"fr_FR","og_type":"article","og_title":"Duo de melons \u00e0 la menthe fra\u00eeche - Quinoa et Basmati","og_description":"Les choses les plus simples sont parfois les meilleures&#8230; Voici une recette express, celle de mon go\u00fbter tout fruit\u00e9 et tout frais r\u00e9alis\u00e9 dans le cadre de la premi\u00e8re \u00e9dition du\u00a0healthysummerchallenge qui a lieu sur instagram aujourd&rsquo;hui m\u00eame (une journ\u00e9e de menus en communs imagin\u00e9s [&hellip;]","og_url":"https:\/\/www.quinoaetbasmati.fr\/index.php\/2018\/07\/18\/duo-de-melons-a-la-menthe-fraiche\/","og_site_name":"Quinoa et Basmati","article_published_time":"2018-07-18T15:18:58+00:00","article_modified_time":"2019-02-22T03:09:56+00:00","og_image":[{"width":706,"height":720,"url":"https:\/\/www.quinoaetbasmati.fr\/wp-content\/uploads\/2018\/07\/duo-de-melon-1.jpg","type":"image\/jpeg"}],"author":"Sarra","twitter_card":"summary_large_image","twitter_misc":{"\u00c9crit par":"Sarra","Dur\u00e9e de lecture estim\u00e9e":"1 minute"},"schema":{"@context":"https:\/\/schema.org","@graph":[{"@type":"Article","@id":"https:\/\/www.quinoaetbasmati.fr\/index.php\/2018\/07\/18\/duo-de-melons-a-la-menthe-fraiche\/#article","isPartOf":{"@id":"https:\/\/www.quinoaetbasmati.fr\/index.php\/2018\/07\/18\/duo-de-melons-a-la-menthe-fraiche\/"},"author":{"name":"Sarra","@id":"https:\/\/www.quinoaetbasmati.fr\/#\/schema\/person\/21c75a6815a94cba09b349c791a05200"},"headline":"Duo de melons \u00e0 la menthe fra\u00eeche","datePublished":"2018-07-18T15:18:58+00:00","dateModified":"2019-02-22T03:09:56+00:00","mainEntityOfPage":{"@id":"https:\/\/www.quinoaetbasmati.fr\/index.php\/2018\/07\/18\/duo-de-melons-a-la-menthe-fraiche\/"},"wordCount":191,"commentCount":2,"publisher":{"@id":"https:\/\/www.quinoaetbasmati.fr\/#organization"},"image":{"@id":"https:\/\/www.quinoaetbasmati.fr\/index.php\/2018\/07\/18\/duo-de-melons-a-la-menthe-fraiche\/#primaryimage"},"thumbnailUrl":"https:\/\/www.quinoaetbasmati.fr\/wp-content\/uploads\/2018\/07\/duo-de-melon-1.jpg","keywords":["alimentationsaine","dessertfruit\u00e9","duodemelon","fruits","gouterfruiter","healthysummerandme","melon","saladedefruit","sansgluten","sanslactose"],"articleSection":["Coin cru","Coin sucr\u00e9","Fruits","Salades"],"inLanguage":"fr-FR","potentialAction":[{"@type":"CommentAction","name":"Comment","target":["https:\/\/www.quinoaetbasmati.fr\/index.php\/2018\/07\/18\/duo-de-melons-a-la-menthe-fraiche\/#respond"]}]},{"@type":"WebPage","@id":"https:\/\/www.quinoaetbasmati.fr\/index.php\/2018\/07\/18\/duo-de-melons-a-la-menthe-fraiche\/","url":"https:\/\/www.quinoaetbasmati.fr\/index.php\/2018\/07\/18\/duo-de-melons-a-la-menthe-fraiche\/","name":"Duo de melons \u00e0 la menthe fra\u00eeche - Quinoa et Basmati","isPartOf":{"@id":"https:\/\/www.quinoaetbasmati.fr\/#website"},"primaryImageOfPage":{"@id":"https:\/\/www.quinoaetbasmati.fr\/index.php\/2018\/07\/18\/duo-de-melons-a-la-menthe-fraiche\/#primaryimage"},"image":{"@id":"https:\/\/www.quinoaetbasmati.fr\/index.php\/2018\/07\/18\/duo-de-melons-a-la-menthe-fraiche\/#primaryimage"},"thumbnailUrl":"https:\/\/www.quinoaetbasmati.fr\/wp-content\/uploads\/2018\/07\/duo-de-melon-1.jpg","datePublished":"2018-07-18T15:18:58+00:00","dateModified":"2019-02-22T03:09:56+00:00","breadcrumb":{"@id":"https:\/\/www.quinoaetbasmati.fr\/index.php\/2018\/07\/18\/duo-de-melons-a-la-menthe-fraiche\/#breadcrumb"},"inLanguage":"fr-FR","potentialAction":[{"@type":"ReadAction","target":["https:\/\/www.quinoaetbasmati.fr\/index.php\/2018\/07\/18\/duo-de-melons-a-la-menthe-fraiche\/"]}]},{"@type":"ImageObject","inLanguage":"fr-FR","@id":"https:\/\/www.quinoaetbasmati.fr\/index.php\/2018\/07\/18\/duo-de-melons-a-la-menthe-fraiche\/#primaryimage","url":"https:\/\/www.quinoaetbasmati.fr\/wp-content\/uploads\/2018\/07\/duo-de-melon-1.jpg","contentUrl":"https:\/\/www.quinoaetbasmati.fr\/wp-content\/uploads\/2018\/07\/duo-de-melon-1.jpg","width":706,"height":720},{"@type":"BreadcrumbList","@id":"https:\/\/www.quinoaetbasmati.fr\/index.php\/2018\/07\/18\/duo-de-melons-a-la-menthe-fraiche\/#breadcrumb","itemListElement":[{"@type":"ListItem","position":1,"name":"Accueil","item":"https:\/\/www.quinoaetbasmati.fr\/"},{"@type":"ListItem","position":2,"name":"Duo de melons \u00e0 la menthe fra\u00eeche"}]},{"@type":"WebSite","@id":"https:\/\/www.quinoaetbasmati.fr\/#website","url":"https:\/\/www.quinoaetbasmati.fr\/","name":"Quinoa et Basmati","description":"Tambouilles saines et gourmandes","publisher":{"@id":"https:\/\/www.quinoaetbasmati.fr\/#organization"},"potentialAction":[{"@type":"SearchAction","target":{"@type":"EntryPoint","urlTemplate":"https:\/\/www.quinoaetbasmati.fr\/?s={search_term_string}"},"query-input":{"@type":"PropertyValueSpecification","valueRequired":true,"valueName":"search_term_string"}}],"inLanguage":"fr-FR"},{"@type":"Organization","@id":"https:\/\/www.quinoaetbasmati.fr\/#organization","name":"Quinoa et Basmati","url":"https:\/\/www.quinoaetbasmati.fr\/","logo":{"@type":"ImageObject","inLanguage":"fr-FR","@id":"https:\/\/www.quinoaetbasmati.fr\/#\/schema\/logo\/image\/","url":"https:\/\/www.quinoaetbasmati.fr\/wp-content\/uploads\/2018\/01\/cropped-27604279_10156154691158069_1209813160_o-4.jpg","contentUrl":"https:\/\/www.quinoaetbasmati.fr\/wp-content\/uploads\/2018\/01\/cropped-27604279_10156154691158069_1209813160_o-4.jpg","width":455,"height":175,"caption":"Quinoa et Basmati"},"image":{"@id":"https:\/\/www.quinoaetbasmati.fr\/#\/schema\/logo\/image\/"}},{"@type":"Person","@id":"https:\/\/www.quinoaetbasmati.fr\/#\/schema\/person\/21c75a6815a94cba09b349c791a05200","name":"Sarra","image":{"@type":"ImageObject","inLanguage":"fr-FR","@id":"https:\/\/www.quinoaetbasmati.fr\/#\/schema\/person\/image\/","url":"https:\/\/secure.gravatar.com\/avatar\/c0b39ca0d8387dd6fa9f63e57d897929f78c0e468fae66ce7d91f34122a1c1d1?s=96&d=mm&r=g","contentUrl":"https:\/\/secure.gravatar.com\/avatar\/c0b39ca0d8387dd6fa9f63e57d897929f78c0e468fae66ce7d91f34122a1c1d1?s=96&d=mm&r=g","caption":"Sarra"},"url":"https:\/\/www.quinoaetbasmati.fr\/index.php\/author\/sarra\/"}]}},"_links":{"self":[{"href":"https:\/\/www.quinoaetbasmati.fr\/index.php\/wp-json\/wp\/v2\/posts\/2562","targetHints":{"allow":["GET"]}}],"collection":[{"href":"https:\/\/www.quinoaetbasmati.fr\/index.php\/wp-json\/wp\/v2\/posts"}],"about":[{"href":"https:\/\/www.quinoaetbasmati.fr\/index.php\/wp-json\/wp\/v2\/types\/post"}],"author":[{"embeddable":true,"href":"https:\/\/www.quinoaetbasmati.fr\/index.php\/wp-json\/wp\/v2\/users\/1"}],"replies":[{"embeddable":true,"href":"https:\/\/www.quinoaetbasmati.fr\/index.php\/wp-json\/wp\/v2\/comments?post=2562"}],"version-history":[{"count":7,"href":"https:\/\/www.quinoaetbasmati.fr\/index.php\/wp-json\/wp\/v2\/posts\/2562\/revisions"}],"predecessor-version":[{"id":2571,"href":"https:\/\/www.quinoaetbasmati.fr\/index.php\/wp-json\/wp\/v2\/posts\/2562\/revisions\/2571"}],"wp:featuredmedia":[{"embeddable":true,"href":"https:\/\/www.quinoaetbasmati.fr\/index.php\/wp-json\/wp\/v2\/media\/2565"}],"wp:attachment":[{"href":"https:\/\/www.quinoaetbasmati.fr\/index.php\/wp-json\/wp\/v2\/media?parent=2562"}],"wp:term":[{"taxonomy":"category","embeddable":true,"href":"https:\/\/www.quinoaetbasmati.fr\/index.php\/wp-json\/wp\/v2\/categories?post=2562"},{"taxonomy":"post_tag","embeddable":true,"href":"https:\/\/www.quinoaetbasmati.fr\/index.php\/wp-json\/wp\/v2\/tags?post=2562"}],"curies":[{"name":"wp","href":"https:\/\/api.w.org\/{rel}","templated":true}]}}