{"id":3444,"date":"2018-10-09T06:30:59","date_gmt":"2018-10-09T04:30:59","guid":{"rendered":"https:\/\/www.quinoaetbasmati.fr\/?p=3444"},"modified":"2018-10-09T06:38:23","modified_gmt":"2018-10-09T04:38:23","slug":"compote-dautomne-pommes-poires-orange-et-cannelle","status":"publish","type":"post","link":"https:\/\/www.quinoaetbasmati.fr\/index.php\/2018\/10\/09\/compote-dautomne-pommes-poires-orange-et-cannelle\/","title":{"rendered":"Compote d&rsquo;automne: pomme, poire, orange et cannelle"},"content":{"rendered":"<p><span style=\"font-size: 12pt; font-family: 'times new roman', times, serif;\">Je ne voudrais pas vous habituer \u00e0 ce rythme <strong>\u00ab\u00a0d&rsquo;une recette par jour\u00a0\u00bb<\/strong> mais&#8230;<strong>octobre joue les muses dans ma cuisine!\u00a0<\/strong><\/span><\/p>\n<p><span style=\"font-size: 12pt; font-family: 'times new roman', times, serif;\">Ce qui me pla\u00eet dans les <strong>plats d&rsquo;automne<\/strong> ce sont leurs<strong> couleurs\u00a0<\/strong><strong>chaleureuses<\/strong>, qui invitent \u00e0 la <strong>d\u00e9gustation<\/strong> (j&rsquo;aime l&rsquo;id\u00e9e de\u00a0<strong>nos assiettes qui prennent les teintes du dehors<\/strong>) et<strong> leurs saveurs<\/strong>, <strong>fruit\u00e9es et \u00e9pic\u00e9es, qui r\u00e9chauffent et r\u00e9confortent..<\/strong><\/span><\/p>\n<p><span style=\"font-size: 12pt; font-family: 'times new roman', times, serif;\">Je pourrais continuer \u00e0 vous <strong>raconter cette saison<\/strong> pendant des heures mais ma <strong>compote d&rsquo;automne<\/strong> le fera mieux que moi, avec ses <strong>parfums de pomme, de poire, d&rsquo;orange et de cannelle<\/strong>&#8230;<\/span><\/p>\n<p>&nbsp;<\/p>\n<p style=\"text-align: center;\"><span style=\"font-size: 12pt; font-family: 'times new roman', times, serif;\"><strong>Ingr\u00e9dients<\/strong><\/span><\/p>\n<p>&nbsp;<\/p>\n<p><span style=\"font-size: 12pt; font-family: 'times new roman', times, serif;\"><em>Pour un gros pot de compote\u00a0<\/em><\/span><\/p>\n<ul>\n<li><span style=\"font-size: 12pt; font-family: 'times new roman', times, serif;\">4 pommes<\/span><\/li>\n<li><span style=\"font-size: 12pt; font-family: 'times new roman', times, serif;\">1 poire<\/span><\/li>\n<li><span style=\"font-size: 12pt; font-family: 'times new roman', times, serif;\">le jus d&rsquo;une demi orange<\/span><\/li>\n<li><span style=\"font-size: 12pt; font-family: 'times new roman', times, serif;\">1 cuill\u00e8re \u00e0 caf\u00e9 de cannelle en poudre<\/span><\/li>\n<\/ul>\n<p>&nbsp;<\/p>\n<p style=\"text-align: center;\"><span style=\"font-size: 12pt; font-family: 'times new roman', times, serif;\"><strong>Tambouille<\/strong><\/span><\/p>\n<p>&nbsp;<\/p>\n<p><span style=\"font-size: 12pt; font-family: 'times new roman', times, serif;\"><strong>\u00c9pluchez<\/strong> les pommes et les poires, <strong>retirez<\/strong> les trognons et <strong>coupez les<\/strong> en morceaux<\/span><\/p>\n<p><span style=\"font-size: 12pt; font-family: 'times new roman', times, serif;\"><strong>Placez<\/strong> les fruits dans le panier de votre cuit vapeur (moi j&rsquo;utilise mon <a href=\"https:\/\/www.quinoaetbasmati.fr\/index.php\/2018\/03\/21\/melange-de-legumes-en-douceur\/\">vitaliseur<\/a>, vous pouvez aussi le faire dans une casserole \u00e0 feu tr\u00e8s doux),<strong> ajoutez <\/strong>la cuill\u00e8re de cannelle puis <strong>faites cuire<\/strong> une dizaine de minutes<\/span><\/p>\n<p><span style=\"font-size: 12pt; font-family: 'times new roman', times, serif;\"><strong>Mixez <\/strong>avec le jus d&rsquo;orange<\/span><\/p>\n<p><span style=\"font-size: 12pt; font-family: 'times new roman', times, serif;\"><strong>R\u00e9servez<\/strong> au frais<\/span><\/p>\n<p>&nbsp;<\/p>\n<p style=\"text-align: center;\"><span style=\"font-size: 12pt; font-family: 'times new roman', times, serif;\"><strong>R\u00e9galez-vous!<\/strong><\/span><\/p>\n<p>&nbsp;<\/p>\n<p><span style=\"font-size: 12pt; font-family: 'times new roman', times, serif;\"><em>P.S: J&rsquo;adore r\u00e9aliser des \u00ab\u00a0tiramisus express\u00a0\u00bb avec cette compote: une couche de yaourt de soja, une couche de compote et quelques noix concass\u00e9es pour un petit dessert hygge \u00e0 souhait!<\/em><\/span><\/p>\n<p><img fetchpriority=\"high\" decoding=\"async\" class=\"aligncenter wp-image-3522\" src=\"https:\/\/www.quinoaetbasmati.fr\/wp-content\/uploads\/2018\/10\/compote2-300x222.jpg\" alt=\"\" width=\"400\" height=\"297\" srcset=\"https:\/\/www.quinoaetbasmati.fr\/wp-content\/uploads\/2018\/10\/compote2-scaled-300x222.jpg 300w, https:\/\/www.quinoaetbasmati.fr\/wp-content\/uploads\/2018\/10\/compote2-scaled-600x445.jpg 600w, https:\/\/www.quinoaetbasmati.fr\/wp-content\/uploads\/2018\/10\/compote2-768x569.jpg 768w, https:\/\/www.quinoaetbasmati.fr\/wp-content\/uploads\/2018\/10\/compote2-1024x759.jpg 1024w\" sizes=\"(max-width: 400px) 100vw, 400px\" \/><\/p>\n","protected":false},"excerpt":{"rendered":"<p>Je ne voudrais pas vous habituer \u00e0 ce rythme \u00ab\u00a0d&rsquo;une recette par jour\u00a0\u00bb mais&#8230;octobre joue les muses dans ma cuisine!\u00a0 Ce qui me pla\u00eet dans les plats d&rsquo;automne ce sont leurs couleurs\u00a0chaleureuses, qui invitent \u00e0 la d\u00e9gustation (j&rsquo;aime l&rsquo;id\u00e9e de\u00a0nos assiettes qui prennent les teintes [&hellip;]<\/p>\n","protected":false},"author":1,"featured_media":3489,"comment_status":"open","ping_status":"open","sticky":false,"template":"","format":"standard","meta":{"footnotes":""},"categories":[910,591,402],"tags":[156,521,951,947,948,371,370,952,366,258,257,953,293,167,949,155,15,16,950],"class_list":["post-3444","post","type-post","status-publish","format-standard","has-post-thumbnail","hentry","category-coin-sucre","category-glace","category-vapeurdouce","tag-cannelle","tag-compote","tag-compoteauvitaliseur","tag-compotedautomne","tag-compoteorange","tag-compotepoire","tag-compotepomme","tag-compotevapeurdouce","tag-dessertfruite","tag-dessertsansgluten","tag-dessertsanslactose","tag-dessertvegan","tag-fruits","tag-orange","tag-poire","tag-pomme","tag-sansgluten","tag-sanslactose","tag-vitaliseur"],"yoast_head":"<!-- This site is optimized with the Yoast SEO plugin v24.4 - https:\/\/yoast.com\/wordpress\/plugins\/seo\/ -->\n<title>Compote d&#039;automne: pomme, poire, orange et cannelle - Quinoa et Basmati<\/title>\n<meta name=\"robots\" content=\"index, follow, max-snippet:-1, max-image-preview:large, max-video-preview:-1\" \/>\n<link rel=\"canonical\" href=\"https:\/\/www.quinoaetbasmati.fr\/index.php\/2018\/10\/09\/compote-dautomne-pommes-poires-orange-et-cannelle\/\" \/>\n<meta property=\"og:locale\" content=\"fr_FR\" \/>\n<meta property=\"og:type\" content=\"article\" \/>\n<meta property=\"og:title\" content=\"Compote d&#039;automne: pomme, poire, orange et cannelle - Quinoa et Basmati\" \/>\n<meta property=\"og:description\" content=\"Je ne voudrais pas vous habituer \u00e0 ce rythme \u00ab\u00a0d&rsquo;une recette par jour\u00a0\u00bb mais&#8230;octobre joue les muses dans ma cuisine!\u00a0 Ce qui me pla\u00eet dans les plats d&rsquo;automne ce sont leurs couleurs\u00a0chaleureuses, qui invitent \u00e0 la d\u00e9gustation (j&rsquo;aime l&rsquo;id\u00e9e de\u00a0nos assiettes qui prennent les teintes [&hellip;]\" \/>\n<meta property=\"og:url\" content=\"https:\/\/www.quinoaetbasmati.fr\/index.php\/2018\/10\/09\/compote-dautomne-pommes-poires-orange-et-cannelle\/\" \/>\n<meta property=\"og:site_name\" content=\"Quinoa et Basmati\" \/>\n<meta property=\"article:published_time\" content=\"2018-10-09T04:30:59+00:00\" \/>\n<meta property=\"article:modified_time\" content=\"2018-10-09T04:38:23+00:00\" \/>\n<meta property=\"og:image\" content=\"https:\/\/www.quinoaetbasmati.fr\/wp-content\/uploads\/2018\/10\/compote3-scaled.jpg\" \/>\n\t<meta property=\"og:image:width\" content=\"2560\" \/>\n\t<meta property=\"og:image:height\" content=\"1885\" \/>\n\t<meta property=\"og:image:type\" content=\"image\/jpeg\" \/>\n<meta name=\"author\" content=\"Sarra\" \/>\n<meta name=\"twitter:card\" content=\"summary_large_image\" \/>\n<meta name=\"twitter:label1\" content=\"\u00c9crit par\" \/>\n\t<meta name=\"twitter:data1\" content=\"Sarra\" \/>\n\t<meta name=\"twitter:label2\" content=\"Dur\u00e9e de lecture estim\u00e9e\" \/>\n\t<meta name=\"twitter:data2\" content=\"1 minute\" \/>\n<script type=\"application\/ld+json\" class=\"yoast-schema-graph\">{\"@context\":\"https:\/\/schema.org\",\"@graph\":[{\"@type\":\"Article\",\"@id\":\"https:\/\/www.quinoaetbasmati.fr\/index.php\/2018\/10\/09\/compote-dautomne-pommes-poires-orange-et-cannelle\/#article\",\"isPartOf\":{\"@id\":\"https:\/\/www.quinoaetbasmati.fr\/index.php\/2018\/10\/09\/compote-dautomne-pommes-poires-orange-et-cannelle\/\"},\"author\":{\"name\":\"Sarra\",\"@id\":\"https:\/\/www.quinoaetbasmati.fr\/#\/schema\/person\/21c75a6815a94cba09b349c791a05200\"},\"headline\":\"Compote d&rsquo;automne: pomme, poire, orange et cannelle\",\"datePublished\":\"2018-10-09T04:30:59+00:00\",\"dateModified\":\"2018-10-09T04:38:23+00:00\",\"mainEntityOfPage\":{\"@id\":\"https:\/\/www.quinoaetbasmati.fr\/index.php\/2018\/10\/09\/compote-dautomne-pommes-poires-orange-et-cannelle\/\"},\"wordCount\":227,\"commentCount\":1,\"publisher\":{\"@id\":\"https:\/\/www.quinoaetbasmati.fr\/#organization\"},\"image\":{\"@id\":\"https:\/\/www.quinoaetbasmati.fr\/index.php\/2018\/10\/09\/compote-dautomne-pommes-poires-orange-et-cannelle\/#primaryimage\"},\"thumbnailUrl\":\"https:\/\/www.quinoaetbasmati.fr\/wp-content\/uploads\/2018\/10\/compote3-scaled.jpg\",\"keywords\":[\"cannelle\",\"compote\",\"compoteauvitaliseur\",\"compotedautomne\",\"compoteorange\",\"compotepoire\",\"compotepomme\",\"compotevapeurdouce\",\"dessertfruit\u00e9\",\"dessertsansgluten\",\"dessertsanslactose\",\"dessertvegan\",\"fruits\",\"orange\",\"poire\",\"pomme\",\"sansgluten\",\"sanslactose\",\"vitaliseur\"],\"articleSection\":[\"Coin sucr\u00e9\",\"Fruits\",\"Vapeur douce\"],\"inLanguage\":\"fr-FR\",\"potentialAction\":[{\"@type\":\"CommentAction\",\"name\":\"Comment\",\"target\":[\"https:\/\/www.quinoaetbasmati.fr\/index.php\/2018\/10\/09\/compote-dautomne-pommes-poires-orange-et-cannelle\/#respond\"]}]},{\"@type\":\"WebPage\",\"@id\":\"https:\/\/www.quinoaetbasmati.fr\/index.php\/2018\/10\/09\/compote-dautomne-pommes-poires-orange-et-cannelle\/\",\"url\":\"https:\/\/www.quinoaetbasmati.fr\/index.php\/2018\/10\/09\/compote-dautomne-pommes-poires-orange-et-cannelle\/\",\"name\":\"Compote d'automne: pomme, poire, orange et cannelle - Quinoa et Basmati\",\"isPartOf\":{\"@id\":\"https:\/\/www.quinoaetbasmati.fr\/#website\"},\"primaryImageOfPage\":{\"@id\":\"https:\/\/www.quinoaetbasmati.fr\/index.php\/2018\/10\/09\/compote-dautomne-pommes-poires-orange-et-cannelle\/#primaryimage\"},\"image\":{\"@id\":\"https:\/\/www.quinoaetbasmati.fr\/index.php\/2018\/10\/09\/compote-dautomne-pommes-poires-orange-et-cannelle\/#primaryimage\"},\"thumbnailUrl\":\"https:\/\/www.quinoaetbasmati.fr\/wp-content\/uploads\/2018\/10\/compote3-scaled.jpg\",\"datePublished\":\"2018-10-09T04:30:59+00:00\",\"dateModified\":\"2018-10-09T04:38:23+00:00\",\"breadcrumb\":{\"@id\":\"https:\/\/www.quinoaetbasmati.fr\/index.php\/2018\/10\/09\/compote-dautomne-pommes-poires-orange-et-cannelle\/#breadcrumb\"},\"inLanguage\":\"fr-FR\",\"potentialAction\":[{\"@type\":\"ReadAction\",\"target\":[\"https:\/\/www.quinoaetbasmati.fr\/index.php\/2018\/10\/09\/compote-dautomne-pommes-poires-orange-et-cannelle\/\"]}]},{\"@type\":\"ImageObject\",\"inLanguage\":\"fr-FR\",\"@id\":\"https:\/\/www.quinoaetbasmati.fr\/index.php\/2018\/10\/09\/compote-dautomne-pommes-poires-orange-et-cannelle\/#primaryimage\",\"url\":\"https:\/\/www.quinoaetbasmati.fr\/wp-content\/uploads\/2018\/10\/compote3-scaled.jpg\",\"contentUrl\":\"https:\/\/www.quinoaetbasmati.fr\/wp-content\/uploads\/2018\/10\/compote3-scaled.jpg\",\"width\":2560,\"height\":1885},{\"@type\":\"BreadcrumbList\",\"@id\":\"https:\/\/www.quinoaetbasmati.fr\/index.php\/2018\/10\/09\/compote-dautomne-pommes-poires-orange-et-cannelle\/#breadcrumb\",\"itemListElement\":[{\"@type\":\"ListItem\",\"position\":1,\"name\":\"Accueil\",\"item\":\"https:\/\/www.quinoaetbasmati.fr\/\"},{\"@type\":\"ListItem\",\"position\":2,\"name\":\"Compote d&#8217;automne: pomme, poire, orange et cannelle\"}]},{\"@type\":\"WebSite\",\"@id\":\"https:\/\/www.quinoaetbasmati.fr\/#website\",\"url\":\"https:\/\/www.quinoaetbasmati.fr\/\",\"name\":\"Quinoa et Basmati\",\"description\":\"Tambouilles saines et gourmandes\",\"publisher\":{\"@id\":\"https:\/\/www.quinoaetbasmati.fr\/#organization\"},\"potentialAction\":[{\"@type\":\"SearchAction\",\"target\":{\"@type\":\"EntryPoint\",\"urlTemplate\":\"https:\/\/www.quinoaetbasmati.fr\/?s={search_term_string}\"},\"query-input\":{\"@type\":\"PropertyValueSpecification\",\"valueRequired\":true,\"valueName\":\"search_term_string\"}}],\"inLanguage\":\"fr-FR\"},{\"@type\":\"Organization\",\"@id\":\"https:\/\/www.quinoaetbasmati.fr\/#organization\",\"name\":\"Quinoa et Basmati\",\"url\":\"https:\/\/www.quinoaetbasmati.fr\/\",\"logo\":{\"@type\":\"ImageObject\",\"inLanguage\":\"fr-FR\",\"@id\":\"https:\/\/www.quinoaetbasmati.fr\/#\/schema\/logo\/image\/\",\"url\":\"https:\/\/www.quinoaetbasmati.fr\/wp-content\/uploads\/2018\/01\/cropped-27604279_10156154691158069_1209813160_o-4.jpg\",\"contentUrl\":\"https:\/\/www.quinoaetbasmati.fr\/wp-content\/uploads\/2018\/01\/cropped-27604279_10156154691158069_1209813160_o-4.jpg\",\"width\":455,\"height\":175,\"caption\":\"Quinoa et Basmati\"},\"image\":{\"@id\":\"https:\/\/www.quinoaetbasmati.fr\/#\/schema\/logo\/image\/\"}},{\"@type\":\"Person\",\"@id\":\"https:\/\/www.quinoaetbasmati.fr\/#\/schema\/person\/21c75a6815a94cba09b349c791a05200\",\"name\":\"Sarra\",\"image\":{\"@type\":\"ImageObject\",\"inLanguage\":\"fr-FR\",\"@id\":\"https:\/\/www.quinoaetbasmati.fr\/#\/schema\/person\/image\/\",\"url\":\"https:\/\/secure.gravatar.com\/avatar\/c0b39ca0d8387dd6fa9f63e57d897929f78c0e468fae66ce7d91f34122a1c1d1?s=96&d=mm&r=g\",\"contentUrl\":\"https:\/\/secure.gravatar.com\/avatar\/c0b39ca0d8387dd6fa9f63e57d897929f78c0e468fae66ce7d91f34122a1c1d1?s=96&d=mm&r=g\",\"caption\":\"Sarra\"},\"url\":\"https:\/\/www.quinoaetbasmati.fr\/index.php\/author\/sarra\/\"}]}<\/script>\n<!-- \/ Yoast SEO plugin. -->","yoast_head_json":{"title":"Compote d'automne: pomme, poire, orange et cannelle - Quinoa et Basmati","robots":{"index":"index","follow":"follow","max-snippet":"max-snippet:-1","max-image-preview":"max-image-preview:large","max-video-preview":"max-video-preview:-1"},"canonical":"https:\/\/www.quinoaetbasmati.fr\/index.php\/2018\/10\/09\/compote-dautomne-pommes-poires-orange-et-cannelle\/","og_locale":"fr_FR","og_type":"article","og_title":"Compote d'automne: pomme, poire, orange et cannelle - Quinoa et Basmati","og_description":"Je ne voudrais pas vous habituer \u00e0 ce rythme \u00ab\u00a0d&rsquo;une recette par jour\u00a0\u00bb mais&#8230;octobre joue les muses dans ma cuisine!\u00a0 Ce qui me pla\u00eet dans les plats d&rsquo;automne ce sont leurs couleurs\u00a0chaleureuses, qui invitent \u00e0 la d\u00e9gustation (j&rsquo;aime l&rsquo;id\u00e9e de\u00a0nos assiettes qui prennent les teintes [&hellip;]","og_url":"https:\/\/www.quinoaetbasmati.fr\/index.php\/2018\/10\/09\/compote-dautomne-pommes-poires-orange-et-cannelle\/","og_site_name":"Quinoa et Basmati","article_published_time":"2018-10-09T04:30:59+00:00","article_modified_time":"2018-10-09T04:38:23+00:00","og_image":[{"width":2560,"height":1885,"url":"https:\/\/www.quinoaetbasmati.fr\/wp-content\/uploads\/2018\/10\/compote3-scaled.jpg","type":"image\/jpeg"}],"author":"Sarra","twitter_card":"summary_large_image","twitter_misc":{"\u00c9crit par":"Sarra","Dur\u00e9e de lecture estim\u00e9e":"1 minute"},"schema":{"@context":"https:\/\/schema.org","@graph":[{"@type":"Article","@id":"https:\/\/www.quinoaetbasmati.fr\/index.php\/2018\/10\/09\/compote-dautomne-pommes-poires-orange-et-cannelle\/#article","isPartOf":{"@id":"https:\/\/www.quinoaetbasmati.fr\/index.php\/2018\/10\/09\/compote-dautomne-pommes-poires-orange-et-cannelle\/"},"author":{"name":"Sarra","@id":"https:\/\/www.quinoaetbasmati.fr\/#\/schema\/person\/21c75a6815a94cba09b349c791a05200"},"headline":"Compote d&rsquo;automne: pomme, poire, orange et cannelle","datePublished":"2018-10-09T04:30:59+00:00","dateModified":"2018-10-09T04:38:23+00:00","mainEntityOfPage":{"@id":"https:\/\/www.quinoaetbasmati.fr\/index.php\/2018\/10\/09\/compote-dautomne-pommes-poires-orange-et-cannelle\/"},"wordCount":227,"commentCount":1,"publisher":{"@id":"https:\/\/www.quinoaetbasmati.fr\/#organization"},"image":{"@id":"https:\/\/www.quinoaetbasmati.fr\/index.php\/2018\/10\/09\/compote-dautomne-pommes-poires-orange-et-cannelle\/#primaryimage"},"thumbnailUrl":"https:\/\/www.quinoaetbasmati.fr\/wp-content\/uploads\/2018\/10\/compote3-scaled.jpg","keywords":["cannelle","compote","compoteauvitaliseur","compotedautomne","compoteorange","compotepoire","compotepomme","compotevapeurdouce","dessertfruit\u00e9","dessertsansgluten","dessertsanslactose","dessertvegan","fruits","orange","poire","pomme","sansgluten","sanslactose","vitaliseur"],"articleSection":["Coin sucr\u00e9","Fruits","Vapeur douce"],"inLanguage":"fr-FR","potentialAction":[{"@type":"CommentAction","name":"Comment","target":["https:\/\/www.quinoaetbasmati.fr\/index.php\/2018\/10\/09\/compote-dautomne-pommes-poires-orange-et-cannelle\/#respond"]}]},{"@type":"WebPage","@id":"https:\/\/www.quinoaetbasmati.fr\/index.php\/2018\/10\/09\/compote-dautomne-pommes-poires-orange-et-cannelle\/","url":"https:\/\/www.quinoaetbasmati.fr\/index.php\/2018\/10\/09\/compote-dautomne-pommes-poires-orange-et-cannelle\/","name":"Compote d'automne: pomme, poire, orange et cannelle - Quinoa et Basmati","isPartOf":{"@id":"https:\/\/www.quinoaetbasmati.fr\/#website"},"primaryImageOfPage":{"@id":"https:\/\/www.quinoaetbasmati.fr\/index.php\/2018\/10\/09\/compote-dautomne-pommes-poires-orange-et-cannelle\/#primaryimage"},"image":{"@id":"https:\/\/www.quinoaetbasmati.fr\/index.php\/2018\/10\/09\/compote-dautomne-pommes-poires-orange-et-cannelle\/#primaryimage"},"thumbnailUrl":"https:\/\/www.quinoaetbasmati.fr\/wp-content\/uploads\/2018\/10\/compote3-scaled.jpg","datePublished":"2018-10-09T04:30:59+00:00","dateModified":"2018-10-09T04:38:23+00:00","breadcrumb":{"@id":"https:\/\/www.quinoaetbasmati.fr\/index.php\/2018\/10\/09\/compote-dautomne-pommes-poires-orange-et-cannelle\/#breadcrumb"},"inLanguage":"fr-FR","potentialAction":[{"@type":"ReadAction","target":["https:\/\/www.quinoaetbasmati.fr\/index.php\/2018\/10\/09\/compote-dautomne-pommes-poires-orange-et-cannelle\/"]}]},{"@type":"ImageObject","inLanguage":"fr-FR","@id":"https:\/\/www.quinoaetbasmati.fr\/index.php\/2018\/10\/09\/compote-dautomne-pommes-poires-orange-et-cannelle\/#primaryimage","url":"https:\/\/www.quinoaetbasmati.fr\/wp-content\/uploads\/2018\/10\/compote3-scaled.jpg","contentUrl":"https:\/\/www.quinoaetbasmati.fr\/wp-content\/uploads\/2018\/10\/compote3-scaled.jpg","width":2560,"height":1885},{"@type":"BreadcrumbList","@id":"https:\/\/www.quinoaetbasmati.fr\/index.php\/2018\/10\/09\/compote-dautomne-pommes-poires-orange-et-cannelle\/#breadcrumb","itemListElement":[{"@type":"ListItem","position":1,"name":"Accueil","item":"https:\/\/www.quinoaetbasmati.fr\/"},{"@type":"ListItem","position":2,"name":"Compote d&#8217;automne: pomme, poire, orange et cannelle"}]},{"@type":"WebSite","@id":"https:\/\/www.quinoaetbasmati.fr\/#website","url":"https:\/\/www.quinoaetbasmati.fr\/","name":"Quinoa et Basmati","description":"Tambouilles saines et gourmandes","publisher":{"@id":"https:\/\/www.quinoaetbasmati.fr\/#organization"},"potentialAction":[{"@type":"SearchAction","target":{"@type":"EntryPoint","urlTemplate":"https:\/\/www.quinoaetbasmati.fr\/?s={search_term_string}"},"query-input":{"@type":"PropertyValueSpecification","valueRequired":true,"valueName":"search_term_string"}}],"inLanguage":"fr-FR"},{"@type":"Organization","@id":"https:\/\/www.quinoaetbasmati.fr\/#organization","name":"Quinoa et Basmati","url":"https:\/\/www.quinoaetbasmati.fr\/","logo":{"@type":"ImageObject","inLanguage":"fr-FR","@id":"https:\/\/www.quinoaetbasmati.fr\/#\/schema\/logo\/image\/","url":"https:\/\/www.quinoaetbasmati.fr\/wp-content\/uploads\/2018\/01\/cropped-27604279_10156154691158069_1209813160_o-4.jpg","contentUrl":"https:\/\/www.quinoaetbasmati.fr\/wp-content\/uploads\/2018\/01\/cropped-27604279_10156154691158069_1209813160_o-4.jpg","width":455,"height":175,"caption":"Quinoa et Basmati"},"image":{"@id":"https:\/\/www.quinoaetbasmati.fr\/#\/schema\/logo\/image\/"}},{"@type":"Person","@id":"https:\/\/www.quinoaetbasmati.fr\/#\/schema\/person\/21c75a6815a94cba09b349c791a05200","name":"Sarra","image":{"@type":"ImageObject","inLanguage":"fr-FR","@id":"https:\/\/www.quinoaetbasmati.fr\/#\/schema\/person\/image\/","url":"https:\/\/secure.gravatar.com\/avatar\/c0b39ca0d8387dd6fa9f63e57d897929f78c0e468fae66ce7d91f34122a1c1d1?s=96&d=mm&r=g","contentUrl":"https:\/\/secure.gravatar.com\/avatar\/c0b39ca0d8387dd6fa9f63e57d897929f78c0e468fae66ce7d91f34122a1c1d1?s=96&d=mm&r=g","caption":"Sarra"},"url":"https:\/\/www.quinoaetbasmati.fr\/index.php\/author\/sarra\/"}]}},"_links":{"self":[{"href":"https:\/\/www.quinoaetbasmati.fr\/index.php\/wp-json\/wp\/v2\/posts\/3444","targetHints":{"allow":["GET"]}}],"collection":[{"href":"https:\/\/www.quinoaetbasmati.fr\/index.php\/wp-json\/wp\/v2\/posts"}],"about":[{"href":"https:\/\/www.quinoaetbasmati.fr\/index.php\/wp-json\/wp\/v2\/types\/post"}],"author":[{"embeddable":true,"href":"https:\/\/www.quinoaetbasmati.fr\/index.php\/wp-json\/wp\/v2\/users\/1"}],"replies":[{"embeddable":true,"href":"https:\/\/www.quinoaetbasmati.fr\/index.php\/wp-json\/wp\/v2\/comments?post=3444"}],"version-history":[{"count":8,"href":"https:\/\/www.quinoaetbasmati.fr\/index.php\/wp-json\/wp\/v2\/posts\/3444\/revisions"}],"predecessor-version":[{"id":3526,"href":"https:\/\/www.quinoaetbasmati.fr\/index.php\/wp-json\/wp\/v2\/posts\/3444\/revisions\/3526"}],"wp:featuredmedia":[{"embeddable":true,"href":"https:\/\/www.quinoaetbasmati.fr\/index.php\/wp-json\/wp\/v2\/media\/3489"}],"wp:attachment":[{"href":"https:\/\/www.quinoaetbasmati.fr\/index.php\/wp-json\/wp\/v2\/media?parent=3444"}],"wp:term":[{"taxonomy":"category","embeddable":true,"href":"https:\/\/www.quinoaetbasmati.fr\/index.php\/wp-json\/wp\/v2\/categories?post=3444"},{"taxonomy":"post_tag","embeddable":true,"href":"https:\/\/www.quinoaetbasmati.fr\/index.php\/wp-json\/wp\/v2\/tags?post=3444"}],"curies":[{"name":"wp","href":"https:\/\/api.w.org\/{rel}","templated":true}]}}