{"id":3807,"date":"2018-11-04T06:00:13","date_gmt":"2018-11-04T05:00:13","guid":{"rendered":"https:\/\/www.quinoaetbasmati.fr\/?p=3807"},"modified":"2020-10-31T08:36:49","modified_gmt":"2020-10-31T07:36:49","slug":"gateau-au-yaourt-pommevanille","status":"publish","type":"post","link":"https:\/\/www.quinoaetbasmati.fr\/index.php\/2018\/11\/04\/gateau-au-yaourt-pommevanille\/","title":{"rendered":"G\u00e2teau au yaourt (pomme,vanille)"},"content":{"rendered":"<p style=\"text-align: left;\"><span style=\"font-size: 12pt; font-family: 'times new roman', times, serif;\">Avec mes \u00ab\u00a0nouveaux ingr\u00e9dients\u00a0\u00bb <strong>j&rsquo;ai fait des tonnes de tas de recettes<\/strong>: des <a href=\"https:\/\/www.quinoaetbasmati.fr\/index.php\/2018\/04\/28\/brownie-courgette-chocolat\/\">brownies \u00e0 la courgette<\/a>, des<a href=\"https:\/\/www.quinoaetbasmati.fr\/index.php\/2017\/07\/27\/cookies-extra-moelleux-tout-choco-a-lavocat\/\"> cookies l&rsquo;avocat<\/a>, des <a href=\"https:\/\/www.quinoaetbasmati.fr\/index.php\/2017\/11\/03\/mini-cakes-a-la-patate-douce\/\">cakes \u00e0 la patate douce<\/a> et au <a href=\"https:\/\/www.quinoaetbasmati.fr\/index.php\/2018\/03\/11\/carres-fondants-au-potimarron\/\">potimarron<\/a>, je n&rsquo;en ai fait qu&rsquo;\u00e0 ma t\u00eate&#8230;<\/span><\/p>\n<p style=\"text-align: left;\"><span style=\"font-size: 12pt; font-family: 'times new roman', times, serif;\">A tel point que j&rsquo;en ai oubli\u00e9 une toute b\u00eate: celle du <strong>g\u00e2teau au yaourt<\/strong>! Shame on me! <\/span><\/p>\n<p style=\"text-align: left;\"><span style=\"font-size: 12pt; font-family: 'times new roman', times, serif;\">Le <strong>b.a BA, du g\u00e2teau<\/strong>, celui qui <strong>pla\u00eet \u00e0 tout le monde<\/strong> et qui assure \u00e0 tous les coups une petite\u00a0<strong>vir\u00e9e du c\u00f4t\u00e9 de l&rsquo;enfance<\/strong>.<\/span><\/p>\n<p><span style=\"font-size: 12pt; font-family: 'times new roman', times, serif;\">J&rsquo;ai profit\u00e9 d&rsquo;un<strong> bel apr\u00e8s-midi d&rsquo;automne<\/strong> pour<strong> agiter le dernier<\/strong> <strong>pot de yaourt de soja<\/strong> qui tr\u00f4nait dans mon frigo, <strong>couper en gros quartiers les pommes<\/strong> qui se battaient en duel dans le panier \u00e0 fruits,<strong> vaniller le tout.<\/strong>..<\/span><\/p>\n<p><span style=\"font-size: 12pt; font-family: 'times new roman', times, serif;\">et <strong>me r\u00e9galer de mon premier g\u00e2teau au yaourt sans gluten et sans lait!<\/strong><\/span><\/p>\n<p>&nbsp;<\/p>\n<p style=\"text-align: center;\"><span style=\"font-size: 12pt; font-family: 'times new roman', times, serif;\"><strong>Ingr\u00e9dients<\/strong><\/span><\/p>\n<ul>\n<li><span style=\"font-size: 12pt; font-family: 'times new roman', times, serif;\">1 pot de yaourt de soja nature<\/span><\/li>\n<li><span style=\"font-size: 12pt; font-family: 'times new roman', times, serif;\">2 pots de farine de riz complet<\/span><\/li>\n<li><span style=\"font-size: 12pt; font-family: 'times new roman', times, serif;\">1 pot de poudre d&rsquo;amande<\/span><\/li>\n<li><span style=\"font-family: 'times new roman', times, serif; font-size: 12pt;\">1\/2 pot d\u2019huile d\u2019olive<\/span><\/li>\n<li><span style=\"font-size: 12pt; font-family: 'times new roman', times, serif;\">1 pot 1\/2 de sucre complet<\/span><\/li>\n<li><span style=\"font-size: 12pt; font-family: 'times new roman', times, serif;\">1\/2 sachet de poudre \u00e0 lever sans gluten<\/span><\/li>\n<li><span style=\"font-size: 12pt; font-family: 'times new roman', times, serif;\">3 \u0153ufs<\/span><\/li>\n<li><span style=\"font-size: 12pt; font-family: 'times new roman', times, serif;\">1 cuill\u00e8re \u00e0 soupe d&rsquo;extrait de vanille<\/span><\/li>\n<li><span style=\"font-size: 12pt; font-family: 'times new roman', times, serif;\">1 pinc\u00e9e de sel<\/span><\/li>\n<li><span style=\"font-size: 12pt; font-family: 'times new roman', times, serif;\">2 belles pommes<\/span><\/li>\n<\/ul>\n<p style=\"text-align: center;\"><span style=\"font-size: 12pt; font-family: 'times new roman', times, serif;\"><strong>Tambouille<\/strong><\/span><\/p>\n<p>&nbsp;<\/p>\n<p><span style=\"font-size: 12pt; font-family: 'times new roman', times, serif;\"><strong>M\u00e9langez<\/strong> ensemble les ingr\u00e9dients secs<\/span><\/p>\n<p><span style=\"font-size: 12pt; font-family: 'times new roman', times, serif;\"><strong>Ajoutez<\/strong> les \u0153ufs, l&rsquo;huile et la vanille, <strong>m\u00e9langez<\/strong><\/span><\/p>\n<p><span style=\"font-size: 12pt; font-family: 'times new roman', times, serif;\"><strong>\u00c9pluchez<\/strong> les pommes et <strong>coupez les<\/strong> en quartiers, <strong>ajoutez les<\/strong> \u00e0 la pr\u00e9paration<\/span><\/p>\n<p><span style=\"font-size: 12pt; font-family: 'times new roman', times, serif;\"><strong>Versez<\/strong> la p\u00e2te dans un moule et <strong>enfournez<\/strong> pour 20 \u00e0 25 minutes \u00e0 180\u00b0<\/span><\/p>\n<p>&nbsp;<\/p>\n<p style=\"text-align: center;\"><span style=\"font-size: 12pt; font-family: 'times new roman', times, serif;\"><strong>D\u00e9vorez!<\/strong><\/span><\/p>\n<p><img fetchpriority=\"high\" decoding=\"async\" class=\"aligncenter wp-image-3812 size-full\" src=\"https:\/\/www.quinoaetbasmati.fr\/wp-content\/uploads\/2018\/11\/gateau.jpg\" alt=\"\" width=\"5184\" height=\"3456\" \/><\/p>\n<p>&nbsp;<\/p>\n<p><span style=\"font-size: 12pt; font-family: 'times new roman', times, serif;\"><em>P.S: Une de mes go\u00fbteuses m&rsquo;a sugg\u00e9r\u00e9 une petite id\u00e9e sympa que j&rsquo;essaierai la prochaine fois,<strong> ajouter quelques noix au g\u00e2teau!<\/strong><\/em><\/span><\/p>\n<p><span style=\"font-size: 12pt; font-family: 'times new roman', times, serif;\"><em>P.S 2: Un commentaire = une Sarra ravie, utilisez #lesrecettesdequinoa sur instagram<\/em><\/span><\/p>\n<p><span style=\"font-size: 12pt; font-family: 'times new roman', times, serif;\"><em>P.S 3: Une variante sympa et v\u00e9g\u00e9tale? La recette du <a href=\"https:\/\/www.happyandbio.fr\/gateau-au-yaourt-vegetal\/\">g\u00e2teau au Yaourt de Val\u00e9rie<\/a>, une amie qui tient le blog happy and bio (que je vous invite \u00e0 d\u00e9couvrir vivement!)<\/em><\/span><\/p>\n<p><span style=\"font-size: 12pt; font-family: 'times new roman', times, serif;\"><em><strong>D&rsquo;autres recettes aux pommes<\/strong>? Pourquoi pas des <a href=\"https:\/\/www.quinoaetbasmati.fr\/index.php\/2017\/09\/29\/muffins-dautomne-a-la-pomme-et-a-la-cannelle\/\">mini muffins pomme\/cannelle<\/a>?<\/em><\/span><\/p>\n","protected":false},"excerpt":{"rendered":"<p>Avec mes \u00ab\u00a0nouveaux ingr\u00e9dients\u00a0\u00bb j&rsquo;ai fait des tonnes de tas de recettes: des brownies \u00e0 la courgette, des cookies l&rsquo;avocat, des cakes \u00e0 la patate douce et au potimarron, je n&rsquo;en ai fait qu&rsquo;\u00e0 ma t\u00eate&#8230; A tel point que j&rsquo;en ai oubli\u00e9 une toute [&hellip;]<\/p>\n","protected":false},"author":1,"featured_media":3809,"comment_status":"open","ping_status":"open","sticky":false,"template":"","format":"standard","meta":{"footnotes":""},"categories":[910,540],"tags":[321,1027,1029,1031,1032,1030,1028,1033,1036,888,80,35,968,322,1037,1038,1035,1034,182,183,691],"class_list":["post-3807","post","type-post","status-publish","format-standard","has-post-thumbnail","hentry","category-coin-sucre","category-gateaux-cakes-et-brownies","tag-gateauauxpommes","tag-gateauauyaourt","tag-gateauauyaourtdesoja","tag-gateauauyaourtsansgluten","tag-gateauauyaourtsansglutensanslait","tag-gateauauyaourtsanslactose","tag-gateauauyaourtsanslait","tag-gateauauyaourtvanillepomme","tag-gateauauyaourtvegetal","tag-gouterdautomne","tag-goutersain","tag-goutersansgluten","tag-goutersanslait","tag-pommes","tag-recettesansgluten","tag-recettesanslait","tag-soja","tag-vanille","tag-yaourt","tag-yaourtdesoja","tag-yaourtvegetal"],"yoast_head":"<!-- This site is optimized with the Yoast SEO plugin v24.4 - https:\/\/yoast.com\/wordpress\/plugins\/seo\/ -->\n<title>G\u00e2teau au yaourt (pomme,vanille) - Quinoa et Basmati<\/title>\n<meta name=\"description\" content=\"Recette de g\u00e2teau au yaourt \u00e0 la pomme et \u00e0 la vanille sans gluten, sans lait et sans sucres raffin\u00e9s\" \/>\n<meta name=\"robots\" content=\"index, follow, max-snippet:-1, max-image-preview:large, max-video-preview:-1\" \/>\n<link rel=\"canonical\" href=\"https:\/\/www.quinoaetbasmati.fr\/index.php\/2018\/11\/04\/gateau-au-yaourt-pommevanille\/\" \/>\n<meta property=\"og:locale\" content=\"fr_FR\" \/>\n<meta property=\"og:type\" content=\"article\" \/>\n<meta property=\"og:title\" content=\"G\u00e2teau au yaourt (pomme,vanille) - Quinoa et Basmati\" \/>\n<meta property=\"og:description\" content=\"Recette de g\u00e2teau au yaourt \u00e0 la pomme et \u00e0 la vanille sans gluten, sans lait et sans sucres raffin\u00e9s\" \/>\n<meta property=\"og:url\" content=\"https:\/\/www.quinoaetbasmati.fr\/index.php\/2018\/11\/04\/gateau-au-yaourt-pommevanille\/\" \/>\n<meta property=\"og:site_name\" content=\"Quinoa et Basmati\" \/>\n<meta property=\"article:published_time\" content=\"2018-11-04T05:00:13+00:00\" \/>\n<meta property=\"article:modified_time\" content=\"2020-10-31T07:36:49+00:00\" \/>\n<meta property=\"og:image\" content=\"https:\/\/www.quinoaetbasmati.fr\/wp-content\/uploads\/2018\/11\/g\u00e2teau1bis-scaled.jpg\" \/>\n\t<meta property=\"og:image:width\" content=\"2560\" \/>\n\t<meta property=\"og:image:height\" content=\"1707\" \/>\n\t<meta property=\"og:image:type\" content=\"image\/jpeg\" \/>\n<meta name=\"author\" content=\"Sarra\" \/>\n<meta name=\"twitter:card\" content=\"summary_large_image\" \/>\n<meta name=\"twitter:label1\" content=\"\u00c9crit par\" \/>\n\t<meta name=\"twitter:data1\" content=\"Sarra\" \/>\n\t<meta name=\"twitter:label2\" content=\"Dur\u00e9e de lecture estim\u00e9e\" \/>\n\t<meta name=\"twitter:data2\" content=\"2 minutes\" \/>\n<script type=\"application\/ld+json\" class=\"yoast-schema-graph\">{\"@context\":\"https:\/\/schema.org\",\"@graph\":[{\"@type\":\"Article\",\"@id\":\"https:\/\/www.quinoaetbasmati.fr\/index.php\/2018\/11\/04\/gateau-au-yaourt-pommevanille\/#article\",\"isPartOf\":{\"@id\":\"https:\/\/www.quinoaetbasmati.fr\/index.php\/2018\/11\/04\/gateau-au-yaourt-pommevanille\/\"},\"author\":{\"name\":\"Sarra\",\"@id\":\"https:\/\/www.quinoaetbasmati.fr\/#\/schema\/person\/21c75a6815a94cba09b349c791a05200\"},\"headline\":\"G\u00e2teau au yaourt (pomme,vanille)\",\"datePublished\":\"2018-11-04T05:00:13+00:00\",\"dateModified\":\"2020-10-31T07:36:49+00:00\",\"mainEntityOfPage\":{\"@id\":\"https:\/\/www.quinoaetbasmati.fr\/index.php\/2018\/11\/04\/gateau-au-yaourt-pommevanille\/\"},\"wordCount\":323,\"commentCount\":10,\"publisher\":{\"@id\":\"https:\/\/www.quinoaetbasmati.fr\/#organization\"},\"image\":{\"@id\":\"https:\/\/www.quinoaetbasmati.fr\/index.php\/2018\/11\/04\/gateau-au-yaourt-pommevanille\/#primaryimage\"},\"thumbnailUrl\":\"https:\/\/www.quinoaetbasmati.fr\/wp-content\/uploads\/2018\/11\/g\u00e2teau1bis-scaled.jpg\",\"keywords\":[\"gateauauxpommes\",\"gateauauyaourt\",\"gateauauyaourtdesoja\",\"gateauauyaourtsansgluten\",\"gateauauyaourtsansglutensanslait\",\"gateauauyaourtsanslactose\",\"gateauauyaourtsanslait\",\"gateauauyaourtvanillepomme\",\"gateauauyaourtvegetal\",\"gouterdautomne\",\"go\u00fbtersain\",\"go\u00fbtersansgluten\",\"goutersanslait\",\"pommes\",\"recettesansgluten\",\"recettesanslait\",\"soja\",\"vanille\",\"yaourt\",\"yaourtdesoja\",\"yaourtvegetal\"],\"articleSection\":[\"Coin sucr\u00e9\",\"G\u00e2teaux, cakes et brownies\"],\"inLanguage\":\"fr-FR\",\"potentialAction\":[{\"@type\":\"CommentAction\",\"name\":\"Comment\",\"target\":[\"https:\/\/www.quinoaetbasmati.fr\/index.php\/2018\/11\/04\/gateau-au-yaourt-pommevanille\/#respond\"]}]},{\"@type\":\"WebPage\",\"@id\":\"https:\/\/www.quinoaetbasmati.fr\/index.php\/2018\/11\/04\/gateau-au-yaourt-pommevanille\/\",\"url\":\"https:\/\/www.quinoaetbasmati.fr\/index.php\/2018\/11\/04\/gateau-au-yaourt-pommevanille\/\",\"name\":\"G\u00e2teau au yaourt (pomme,vanille) - Quinoa et Basmati\",\"isPartOf\":{\"@id\":\"https:\/\/www.quinoaetbasmati.fr\/#website\"},\"primaryImageOfPage\":{\"@id\":\"https:\/\/www.quinoaetbasmati.fr\/index.php\/2018\/11\/04\/gateau-au-yaourt-pommevanille\/#primaryimage\"},\"image\":{\"@id\":\"https:\/\/www.quinoaetbasmati.fr\/index.php\/2018\/11\/04\/gateau-au-yaourt-pommevanille\/#primaryimage\"},\"thumbnailUrl\":\"https:\/\/www.quinoaetbasmati.fr\/wp-content\/uploads\/2018\/11\/g\u00e2teau1bis-scaled.jpg\",\"datePublished\":\"2018-11-04T05:00:13+00:00\",\"dateModified\":\"2020-10-31T07:36:49+00:00\",\"description\":\"Recette de g\u00e2teau au yaourt \u00e0 la pomme et \u00e0 la vanille sans gluten, sans lait et sans sucres raffin\u00e9s\",\"breadcrumb\":{\"@id\":\"https:\/\/www.quinoaetbasmati.fr\/index.php\/2018\/11\/04\/gateau-au-yaourt-pommevanille\/#breadcrumb\"},\"inLanguage\":\"fr-FR\",\"potentialAction\":[{\"@type\":\"ReadAction\",\"target\":[\"https:\/\/www.quinoaetbasmati.fr\/index.php\/2018\/11\/04\/gateau-au-yaourt-pommevanille\/\"]}]},{\"@type\":\"ImageObject\",\"inLanguage\":\"fr-FR\",\"@id\":\"https:\/\/www.quinoaetbasmati.fr\/index.php\/2018\/11\/04\/gateau-au-yaourt-pommevanille\/#primaryimage\",\"url\":\"https:\/\/www.quinoaetbasmati.fr\/wp-content\/uploads\/2018\/11\/g\u00e2teau1bis-scaled.jpg\",\"contentUrl\":\"https:\/\/www.quinoaetbasmati.fr\/wp-content\/uploads\/2018\/11\/g\u00e2teau1bis-scaled.jpg\",\"width\":2560,\"height\":1707,\"caption\":\"g\u00e2teau au yaourt pomme vanille\"},{\"@type\":\"BreadcrumbList\",\"@id\":\"https:\/\/www.quinoaetbasmati.fr\/index.php\/2018\/11\/04\/gateau-au-yaourt-pommevanille\/#breadcrumb\",\"itemListElement\":[{\"@type\":\"ListItem\",\"position\":1,\"name\":\"Accueil\",\"item\":\"https:\/\/www.quinoaetbasmati.fr\/\"},{\"@type\":\"ListItem\",\"position\":2,\"name\":\"G\u00e2teau au yaourt (pomme,vanille)\"}]},{\"@type\":\"WebSite\",\"@id\":\"https:\/\/www.quinoaetbasmati.fr\/#website\",\"url\":\"https:\/\/www.quinoaetbasmati.fr\/\",\"name\":\"Quinoa et Basmati\",\"description\":\"Tambouilles saines et gourmandes\",\"publisher\":{\"@id\":\"https:\/\/www.quinoaetbasmati.fr\/#organization\"},\"potentialAction\":[{\"@type\":\"SearchAction\",\"target\":{\"@type\":\"EntryPoint\",\"urlTemplate\":\"https:\/\/www.quinoaetbasmati.fr\/?s={search_term_string}\"},\"query-input\":{\"@type\":\"PropertyValueSpecification\",\"valueRequired\":true,\"valueName\":\"search_term_string\"}}],\"inLanguage\":\"fr-FR\"},{\"@type\":\"Organization\",\"@id\":\"https:\/\/www.quinoaetbasmati.fr\/#organization\",\"name\":\"Quinoa et Basmati\",\"url\":\"https:\/\/www.quinoaetbasmati.fr\/\",\"logo\":{\"@type\":\"ImageObject\",\"inLanguage\":\"fr-FR\",\"@id\":\"https:\/\/www.quinoaetbasmati.fr\/#\/schema\/logo\/image\/\",\"url\":\"https:\/\/www.quinoaetbasmati.fr\/wp-content\/uploads\/2018\/01\/cropped-27604279_10156154691158069_1209813160_o-4.jpg\",\"contentUrl\":\"https:\/\/www.quinoaetbasmati.fr\/wp-content\/uploads\/2018\/01\/cropped-27604279_10156154691158069_1209813160_o-4.jpg\",\"width\":455,\"height\":175,\"caption\":\"Quinoa et Basmati\"},\"image\":{\"@id\":\"https:\/\/www.quinoaetbasmati.fr\/#\/schema\/logo\/image\/\"}},{\"@type\":\"Person\",\"@id\":\"https:\/\/www.quinoaetbasmati.fr\/#\/schema\/person\/21c75a6815a94cba09b349c791a05200\",\"name\":\"Sarra\",\"image\":{\"@type\":\"ImageObject\",\"inLanguage\":\"fr-FR\",\"@id\":\"https:\/\/www.quinoaetbasmati.fr\/#\/schema\/person\/image\/\",\"url\":\"https:\/\/secure.gravatar.com\/avatar\/c0b39ca0d8387dd6fa9f63e57d897929f78c0e468fae66ce7d91f34122a1c1d1?s=96&d=mm&r=g\",\"contentUrl\":\"https:\/\/secure.gravatar.com\/avatar\/c0b39ca0d8387dd6fa9f63e57d897929f78c0e468fae66ce7d91f34122a1c1d1?s=96&d=mm&r=g\",\"caption\":\"Sarra\"},\"url\":\"https:\/\/www.quinoaetbasmati.fr\/index.php\/author\/sarra\/\"}]}<\/script>\n<!-- \/ Yoast SEO plugin. -->","yoast_head_json":{"title":"G\u00e2teau au yaourt (pomme,vanille) - Quinoa et Basmati","description":"Recette de g\u00e2teau au yaourt \u00e0 la pomme et \u00e0 la vanille sans gluten, sans lait et sans sucres raffin\u00e9s","robots":{"index":"index","follow":"follow","max-snippet":"max-snippet:-1","max-image-preview":"max-image-preview:large","max-video-preview":"max-video-preview:-1"},"canonical":"https:\/\/www.quinoaetbasmati.fr\/index.php\/2018\/11\/04\/gateau-au-yaourt-pommevanille\/","og_locale":"fr_FR","og_type":"article","og_title":"G\u00e2teau au yaourt (pomme,vanille) - Quinoa et Basmati","og_description":"Recette de g\u00e2teau au yaourt \u00e0 la pomme et \u00e0 la vanille sans gluten, sans lait et sans sucres raffin\u00e9s","og_url":"https:\/\/www.quinoaetbasmati.fr\/index.php\/2018\/11\/04\/gateau-au-yaourt-pommevanille\/","og_site_name":"Quinoa et Basmati","article_published_time":"2018-11-04T05:00:13+00:00","article_modified_time":"2020-10-31T07:36:49+00:00","og_image":[{"width":2560,"height":1707,"url":"https:\/\/www.quinoaetbasmati.fr\/wp-content\/uploads\/2018\/11\/g\u00e2teau1bis-scaled.jpg","type":"image\/jpeg"}],"author":"Sarra","twitter_card":"summary_large_image","twitter_misc":{"\u00c9crit par":"Sarra","Dur\u00e9e de lecture estim\u00e9e":"2 minutes"},"schema":{"@context":"https:\/\/schema.org","@graph":[{"@type":"Article","@id":"https:\/\/www.quinoaetbasmati.fr\/index.php\/2018\/11\/04\/gateau-au-yaourt-pommevanille\/#article","isPartOf":{"@id":"https:\/\/www.quinoaetbasmati.fr\/index.php\/2018\/11\/04\/gateau-au-yaourt-pommevanille\/"},"author":{"name":"Sarra","@id":"https:\/\/www.quinoaetbasmati.fr\/#\/schema\/person\/21c75a6815a94cba09b349c791a05200"},"headline":"G\u00e2teau au yaourt (pomme,vanille)","datePublished":"2018-11-04T05:00:13+00:00","dateModified":"2020-10-31T07:36:49+00:00","mainEntityOfPage":{"@id":"https:\/\/www.quinoaetbasmati.fr\/index.php\/2018\/11\/04\/gateau-au-yaourt-pommevanille\/"},"wordCount":323,"commentCount":10,"publisher":{"@id":"https:\/\/www.quinoaetbasmati.fr\/#organization"},"image":{"@id":"https:\/\/www.quinoaetbasmati.fr\/index.php\/2018\/11\/04\/gateau-au-yaourt-pommevanille\/#primaryimage"},"thumbnailUrl":"https:\/\/www.quinoaetbasmati.fr\/wp-content\/uploads\/2018\/11\/g\u00e2teau1bis-scaled.jpg","keywords":["gateauauxpommes","gateauauyaourt","gateauauyaourtdesoja","gateauauyaourtsansgluten","gateauauyaourtsansglutensanslait","gateauauyaourtsanslactose","gateauauyaourtsanslait","gateauauyaourtvanillepomme","gateauauyaourtvegetal","gouterdautomne","go\u00fbtersain","go\u00fbtersansgluten","goutersanslait","pommes","recettesansgluten","recettesanslait","soja","vanille","yaourt","yaourtdesoja","yaourtvegetal"],"articleSection":["Coin sucr\u00e9","G\u00e2teaux, cakes et brownies"],"inLanguage":"fr-FR","potentialAction":[{"@type":"CommentAction","name":"Comment","target":["https:\/\/www.quinoaetbasmati.fr\/index.php\/2018\/11\/04\/gateau-au-yaourt-pommevanille\/#respond"]}]},{"@type":"WebPage","@id":"https:\/\/www.quinoaetbasmati.fr\/index.php\/2018\/11\/04\/gateau-au-yaourt-pommevanille\/","url":"https:\/\/www.quinoaetbasmati.fr\/index.php\/2018\/11\/04\/gateau-au-yaourt-pommevanille\/","name":"G\u00e2teau au yaourt (pomme,vanille) - Quinoa et Basmati","isPartOf":{"@id":"https:\/\/www.quinoaetbasmati.fr\/#website"},"primaryImageOfPage":{"@id":"https:\/\/www.quinoaetbasmati.fr\/index.php\/2018\/11\/04\/gateau-au-yaourt-pommevanille\/#primaryimage"},"image":{"@id":"https:\/\/www.quinoaetbasmati.fr\/index.php\/2018\/11\/04\/gateau-au-yaourt-pommevanille\/#primaryimage"},"thumbnailUrl":"https:\/\/www.quinoaetbasmati.fr\/wp-content\/uploads\/2018\/11\/g\u00e2teau1bis-scaled.jpg","datePublished":"2018-11-04T05:00:13+00:00","dateModified":"2020-10-31T07:36:49+00:00","description":"Recette de g\u00e2teau au yaourt \u00e0 la pomme et \u00e0 la vanille sans gluten, sans lait et sans sucres raffin\u00e9s","breadcrumb":{"@id":"https:\/\/www.quinoaetbasmati.fr\/index.php\/2018\/11\/04\/gateau-au-yaourt-pommevanille\/#breadcrumb"},"inLanguage":"fr-FR","potentialAction":[{"@type":"ReadAction","target":["https:\/\/www.quinoaetbasmati.fr\/index.php\/2018\/11\/04\/gateau-au-yaourt-pommevanille\/"]}]},{"@type":"ImageObject","inLanguage":"fr-FR","@id":"https:\/\/www.quinoaetbasmati.fr\/index.php\/2018\/11\/04\/gateau-au-yaourt-pommevanille\/#primaryimage","url":"https:\/\/www.quinoaetbasmati.fr\/wp-content\/uploads\/2018\/11\/g\u00e2teau1bis-scaled.jpg","contentUrl":"https:\/\/www.quinoaetbasmati.fr\/wp-content\/uploads\/2018\/11\/g\u00e2teau1bis-scaled.jpg","width":2560,"height":1707,"caption":"g\u00e2teau au yaourt pomme vanille"},{"@type":"BreadcrumbList","@id":"https:\/\/www.quinoaetbasmati.fr\/index.php\/2018\/11\/04\/gateau-au-yaourt-pommevanille\/#breadcrumb","itemListElement":[{"@type":"ListItem","position":1,"name":"Accueil","item":"https:\/\/www.quinoaetbasmati.fr\/"},{"@type":"ListItem","position":2,"name":"G\u00e2teau au yaourt (pomme,vanille)"}]},{"@type":"WebSite","@id":"https:\/\/www.quinoaetbasmati.fr\/#website","url":"https:\/\/www.quinoaetbasmati.fr\/","name":"Quinoa et Basmati","description":"Tambouilles saines et gourmandes","publisher":{"@id":"https:\/\/www.quinoaetbasmati.fr\/#organization"},"potentialAction":[{"@type":"SearchAction","target":{"@type":"EntryPoint","urlTemplate":"https:\/\/www.quinoaetbasmati.fr\/?s={search_term_string}"},"query-input":{"@type":"PropertyValueSpecification","valueRequired":true,"valueName":"search_term_string"}}],"inLanguage":"fr-FR"},{"@type":"Organization","@id":"https:\/\/www.quinoaetbasmati.fr\/#organization","name":"Quinoa et Basmati","url":"https:\/\/www.quinoaetbasmati.fr\/","logo":{"@type":"ImageObject","inLanguage":"fr-FR","@id":"https:\/\/www.quinoaetbasmati.fr\/#\/schema\/logo\/image\/","url":"https:\/\/www.quinoaetbasmati.fr\/wp-content\/uploads\/2018\/01\/cropped-27604279_10156154691158069_1209813160_o-4.jpg","contentUrl":"https:\/\/www.quinoaetbasmati.fr\/wp-content\/uploads\/2018\/01\/cropped-27604279_10156154691158069_1209813160_o-4.jpg","width":455,"height":175,"caption":"Quinoa et Basmati"},"image":{"@id":"https:\/\/www.quinoaetbasmati.fr\/#\/schema\/logo\/image\/"}},{"@type":"Person","@id":"https:\/\/www.quinoaetbasmati.fr\/#\/schema\/person\/21c75a6815a94cba09b349c791a05200","name":"Sarra","image":{"@type":"ImageObject","inLanguage":"fr-FR","@id":"https:\/\/www.quinoaetbasmati.fr\/#\/schema\/person\/image\/","url":"https:\/\/secure.gravatar.com\/avatar\/c0b39ca0d8387dd6fa9f63e57d897929f78c0e468fae66ce7d91f34122a1c1d1?s=96&d=mm&r=g","contentUrl":"https:\/\/secure.gravatar.com\/avatar\/c0b39ca0d8387dd6fa9f63e57d897929f78c0e468fae66ce7d91f34122a1c1d1?s=96&d=mm&r=g","caption":"Sarra"},"url":"https:\/\/www.quinoaetbasmati.fr\/index.php\/author\/sarra\/"}]}},"_links":{"self":[{"href":"https:\/\/www.quinoaetbasmati.fr\/index.php\/wp-json\/wp\/v2\/posts\/3807","targetHints":{"allow":["GET"]}}],"collection":[{"href":"https:\/\/www.quinoaetbasmati.fr\/index.php\/wp-json\/wp\/v2\/posts"}],"about":[{"href":"https:\/\/www.quinoaetbasmati.fr\/index.php\/wp-json\/wp\/v2\/types\/post"}],"author":[{"embeddable":true,"href":"https:\/\/www.quinoaetbasmati.fr\/index.php\/wp-json\/wp\/v2\/users\/1"}],"replies":[{"embeddable":true,"href":"https:\/\/www.quinoaetbasmati.fr\/index.php\/wp-json\/wp\/v2\/comments?post=3807"}],"version-history":[{"count":12,"href":"https:\/\/www.quinoaetbasmati.fr\/index.php\/wp-json\/wp\/v2\/posts\/3807\/revisions"}],"predecessor-version":[{"id":4970,"href":"https:\/\/www.quinoaetbasmati.fr\/index.php\/wp-json\/wp\/v2\/posts\/3807\/revisions\/4970"}],"wp:featuredmedia":[{"embeddable":true,"href":"https:\/\/www.quinoaetbasmati.fr\/index.php\/wp-json\/wp\/v2\/media\/3809"}],"wp:attachment":[{"href":"https:\/\/www.quinoaetbasmati.fr\/index.php\/wp-json\/wp\/v2\/media?parent=3807"}],"wp:term":[{"taxonomy":"category","embeddable":true,"href":"https:\/\/www.quinoaetbasmati.fr\/index.php\/wp-json\/wp\/v2\/categories?post=3807"},{"taxonomy":"post_tag","embeddable":true,"href":"https:\/\/www.quinoaetbasmati.fr\/index.php\/wp-json\/wp\/v2\/tags?post=3807"}],"curies":[{"name":"wp","href":"https:\/\/api.w.org\/{rel}","templated":true}]}}