{"id":3886,"date":"2018-11-18T07:08:42","date_gmt":"2018-11-18T06:08:42","guid":{"rendered":"https:\/\/www.quinoaetbasmati.fr\/?p=3886"},"modified":"2022-12-31T07:57:47","modified_gmt":"2022-12-31T06:57:47","slug":"mon-premier-pain-depices-chataigne-miel","status":"publish","type":"post","link":"https:\/\/www.quinoaetbasmati.fr\/index.php\/2018\/11\/18\/mon-premier-pain-depices-chataigne-miel\/","title":{"rendered":"Mon premier pain d&rsquo;\u00e9pices (ch\u00e2taigne &#038; miel)-sans gluten, sans lait"},"content":{"rendered":"<p><span style=\"font-size: 12pt; font-family: 'times new roman', times, serif;\">Je sais que nous ne sommes qu&rsquo;en<strong> Novembre<\/strong> mais je n&rsquo;avais pas envie d&rsquo;attendre un mois de plus pour me r\u00e9galer de <strong>ce g\u00e2teau festif qu&rsquo;est le pain d&rsquo;\u00e9pices<\/strong>.<\/span><\/p>\n<p><span style=\"font-size: 12pt; font-family: 'times new roman', times, serif;\">Et puis j&rsquo;ai pr\u00e9f\u00e9r\u00e9 prendre un peu d&rsquo;avance, <strong>je n&rsquo;avais jamais cuisin\u00e9 de pain d&rsquo;\u00e9pices de ma vie<\/strong> (avec ou sans glu&rsquo;) et je pensais avoir besoin de m&rsquo;entra\u00eener un peu. <\/span><\/p>\n<p><span style=\"font-size: 12pt; font-family: 'times new roman', times, serif;\">Je ne sais pas si c&rsquo;est la<strong> magie de No\u00ebl<\/strong> qui a op\u00e9r\u00e9 avant l&rsquo;heure ou celle de la<strong> farine de ch\u00e2taigne<\/strong> <em>(une farine qui rend les g\u00e2teaux aussi moelleux a forc\u00e9ment quelque chose de magique!)<\/em> , toujours est-il que ma premi\u00e8re tentative aura \u00e9t\u00e9 la bonne:<strong> un r\u00e9gal de pain d&rsquo;\u00e9pices au bon go\u00fbt de miel, moelleux et parfum\u00e9 comme je les aime!<\/strong><\/span><\/p>\n<p>&nbsp;<\/p>\n<p style=\"text-align: center;\"><span style=\"font-size: 12pt; font-family: 'times new roman', times, serif;\"><strong>Ingr\u00e9dients<\/strong><\/span><\/p>\n<p>&nbsp;<\/p>\n<ul>\n<li><span style=\"font-size: 12pt; font-family: 'times new roman', times, serif;\">100 g de farine de riz<\/span><\/li>\n<li><span style=\"font-size: 12pt; font-family: 'times new roman', times, serif;\">50 g de farine de ch\u00e2taigne ou 50 g de farine de sarrasin<br \/>\n<\/span><\/li>\n<li><span style=\"font-size: 12pt; font-family: 'times new roman', times, serif;\">25 g de poudre d&rsquo;amande<\/span><\/li>\n<li><span style=\"font-size: 12pt; font-family: 'times new roman', times, serif;\">200 g de miel liquide<\/span><\/li>\n<li><span style=\"font-size: 12pt; font-family: 'times new roman', times, serif;\">1 \u0153uf<\/span><\/li>\n<li><span style=\"font-size: 12pt; font-family: 'times new roman', times, serif;\">1 cuill\u00e8re \u00e0 soupe de yaourt de soja<\/span><\/li>\n<li><span style=\"font-size: 12pt; font-family: 'times new roman', times, serif;\">3 cuill\u00e8re \u00e0 soupe de lait d&rsquo;amande sans sucre ajout\u00e9<\/span><\/li>\n<li><span style=\"font-family: 'times new roman', times, serif; font-size: 12pt;\">1\/2 cuill\u00e8re \u00e0 caf\u00e9 de m\u00e9lange 4 \u00e9pices<\/span><\/li>\n<li><span style=\"font-size: 12pt; font-family: 'times new roman', times, serif;\">1 sachet de poudre \u00e0 lever sans gluten<\/span><\/li>\n<\/ul>\n<p>&nbsp;<\/p>\n<p style=\"text-align: center;\"><span style=\"font-size: 12pt; font-family: 'times new roman', times, serif;\"><strong>Tambouille<\/strong><\/span><\/p>\n<p>&nbsp;<\/p>\n<p><span style=\"font-size: 12pt; font-family: 'times new roman', times, serif;\"><strong>M\u00e9langez<\/strong> ensemble les ingr\u00e9dients secs<\/span><\/p>\n<p><span style=\"font-size: 12pt; font-family: 'times new roman', times, serif;\"><strong>Ajoutez<\/strong> l\u2019\u0153uf, le yaourt de soja et le lait d&rsquo;amande, m\u00e9langez<\/span><\/p>\n<p><span style=\"font-size: 12pt; font-family: 'times new roman', times, serif;\"><strong>Ajoutez<\/strong> le miel liquide, m\u00e9langez une derni\u00e8re fois<\/span><\/p>\n<p><span style=\"font-size: 12pt; font-family: 'times new roman', times, serif;\"><strong>Versez<\/strong> la pr\u00e9paration dans un moule \u00e0 cake\u00a0<\/span><\/p>\n<p><span style=\"font-size: 12pt; font-family: 'times new roman', times, serif;\"><strong>Faites cuire<\/strong> 20 \u00e0 25 minutes \u00e0 180\u00b0<\/span><\/p>\n<p>&nbsp;<\/p>\n<p style=\"text-align: center;\"><span style=\"font-size: 12pt; font-family: 'times new roman', times, serif;\"><strong>D\u00e9vorez!<\/strong><\/span><\/p>\n<p><img fetchpriority=\"high\" decoding=\"async\" class=\"aligncenter wp-image-3889 size-full\" title=\"pain d'\u00e9pice\" src=\"https:\/\/www.quinoaetbasmati.fr\/wp-content\/uploads\/2018\/11\/paind\u00e9pice4.jpg\" alt=\"\" width=\"4640\" height=\"3192\" \/><\/p>\n<p><em><span style=\"font-size: 12pt; font-family: 'times new roman', times, serif;\"><span style=\"font-family: times new roman, times, serif;\"><span style=\"font-size: 12pt;\">D&rsquo;autres douceurs de saison? A vous les<a href=\"https:\/\/www.quinoaetbasmati.fr\/index.php\/2017\/11\/17\/sables-croquants-choco-noisettes\/\"> sabl\u00e9s<\/a> et les <a href=\"https:\/\/www.quinoaetbasmati.fr\/index.php\/2018\/12\/18\/muffins-glaces-orange-amande\/\">christmas muffins<\/a>!<\/span><\/span><\/span><\/em><\/p>\n<p><em><span style=\"font-size: 12pt; font-family: 'times new roman', times, serif;\"><span style=\"font-family: times new roman, times, serif;\"><span style=\"font-size: 12pt;\">Pour une version sans <\/span><span style=\"font-size: 16px;\">\u0153ufs<\/span><span style=\"font-size: 12pt;\">\u00a0je vous invite \u00e0 d\u00e9couvrir l&rsquo;adaptation de Caroline sur son blog <\/span><\/span><a style=\"font-family: 'times new roman', times, serif; font-size: 12pt;\" href=\"https:\/\/cuisinenaturelle.com\/petits-dejeuners-et-gouters\/pain-depices-sans-gluten-ni-lait-animal-ni-oeuf\/?fbclid=IwAR3ufU6Jqe2N2s0kf-ELmtcayFzQHXoDFWeEyjFOJeJK2rKNXuT0BFGg4Co\">Cuisine Naturelle<\/a><\/span><\/em><\/p>\n<p><em><span style=\"font-size: 12pt; font-family: 'times new roman', times, serif;\">P.S: Un petit commentaire est toujours le bienvenu! Utilisez #lesrecettesdequinoa pour tagguer cette recette sur instagram<\/span><\/em><\/p>\n","protected":false},"excerpt":{"rendered":"<p>Je sais que nous ne sommes qu&rsquo;en Novembre mais je n&rsquo;avais pas envie d&rsquo;attendre un mois de plus pour me r\u00e9galer de ce g\u00e2teau festif qu&rsquo;est le pain d&rsquo;\u00e9pices. Et puis j&rsquo;ai pr\u00e9f\u00e9r\u00e9 prendre un peu d&rsquo;avance, je n&rsquo;avais jamais cuisin\u00e9 de pain d&rsquo;\u00e9pices de [&hellip;]<\/p>\n","protected":false},"author":1,"featured_media":3888,"comment_status":"open","ping_status":"open","sticky":false,"template":"","format":"standard","meta":{"footnotes":""},"categories":[910,540],"tags":[1084,241,242,1082,1086,1083,35,968,236,1085,1079,1080,1081,214],"class_list":["post-3886","post","type-post","status-publish","format-standard","has-post-thumbnail","hentry","category-coin-sucre","category-gateaux-cakes-et-brownies","tag-4epices","tag-chataigne","tag-farinedechataigne","tag-gateaudenoel","tag-gateaudenoelsansgluten","tag-gateaudhiver","tag-goutersansgluten","tag-goutersanslait","tag-noel","tag-paindepicechataigne","tag-paindepices","tag-paindepicessansgluten","tag-paindepicessanslait","tag-poudredamande"],"yoast_head":"<!-- This site is optimized with the Yoast SEO plugin v24.4 - https:\/\/yoast.com\/wordpress\/plugins\/seo\/ -->\n<title>Mon premier pain d&#039;\u00e9pices (ch\u00e2taigne &amp; miel)-sans gluten, sans lait - Quinoa et Basmati<\/title>\n<meta name=\"description\" content=\"Recette de pain d&#039;\u00e9pices sans gluten sans lait, \u00e0 la farine de riz complet de ch\u00e2taigne. et \u00e0 la poudre d&#039;amande. Avec du miel liquide et du lait v\u00e9g\u00e9tal.\" \/>\n<meta name=\"robots\" content=\"index, follow, max-snippet:-1, max-image-preview:large, max-video-preview:-1\" \/>\n<link rel=\"canonical\" href=\"https:\/\/www.quinoaetbasmati.fr\/index.php\/2018\/11\/18\/mon-premier-pain-depices-chataigne-miel\/\" \/>\n<meta property=\"og:locale\" content=\"fr_FR\" \/>\n<meta property=\"og:type\" content=\"article\" \/>\n<meta property=\"og:title\" content=\"Mon premier pain d&#039;\u00e9pices (ch\u00e2taigne &amp; miel)-sans gluten, sans lait - Quinoa et Basmati\" \/>\n<meta property=\"og:description\" content=\"Recette de pain d&#039;\u00e9pices sans gluten sans lait, \u00e0 la farine de riz complet de ch\u00e2taigne. et \u00e0 la poudre d&#039;amande. Avec du miel liquide et du lait v\u00e9g\u00e9tal.\" \/>\n<meta property=\"og:url\" content=\"https:\/\/www.quinoaetbasmati.fr\/index.php\/2018\/11\/18\/mon-premier-pain-depices-chataigne-miel\/\" \/>\n<meta property=\"og:site_name\" content=\"Quinoa et Basmati\" \/>\n<meta property=\"article:published_time\" content=\"2018-11-18T06:08:42+00:00\" \/>\n<meta property=\"article:modified_time\" content=\"2022-12-31T06:57:47+00:00\" \/>\n<meta property=\"og:image\" content=\"https:\/\/www.quinoaetbasmati.fr\/wp-content\/uploads\/2018\/11\/pain-d\u00e9pices3-scaled.jpg\" \/>\n\t<meta property=\"og:image:width\" content=\"2560\" \/>\n\t<meta property=\"og:image:height\" content=\"1707\" \/>\n\t<meta property=\"og:image:type\" content=\"image\/jpeg\" \/>\n<meta name=\"author\" content=\"Sarra\" \/>\n<meta name=\"twitter:card\" content=\"summary_large_image\" \/>\n<meta name=\"twitter:label1\" content=\"\u00c9crit par\" \/>\n\t<meta name=\"twitter:data1\" content=\"Sarra\" \/>\n\t<meta name=\"twitter:label2\" content=\"Dur\u00e9e de lecture estim\u00e9e\" \/>\n\t<meta name=\"twitter:data2\" content=\"2 minutes\" \/>\n<script type=\"application\/ld+json\" class=\"yoast-schema-graph\">{\"@context\":\"https:\/\/schema.org\",\"@graph\":[{\"@type\":\"Article\",\"@id\":\"https:\/\/www.quinoaetbasmati.fr\/index.php\/2018\/11\/18\/mon-premier-pain-depices-chataigne-miel\/#article\",\"isPartOf\":{\"@id\":\"https:\/\/www.quinoaetbasmati.fr\/index.php\/2018\/11\/18\/mon-premier-pain-depices-chataigne-miel\/\"},\"author\":{\"name\":\"Sarra\",\"@id\":\"https:\/\/www.quinoaetbasmati.fr\/#\/schema\/person\/21c75a6815a94cba09b349c791a05200\"},\"headline\":\"Mon premier pain d&rsquo;\u00e9pices (ch\u00e2taigne &#038; miel)-sans gluten, sans lait\",\"datePublished\":\"2018-11-18T06:08:42+00:00\",\"dateModified\":\"2022-12-31T06:57:47+00:00\",\"mainEntityOfPage\":{\"@id\":\"https:\/\/www.quinoaetbasmati.fr\/index.php\/2018\/11\/18\/mon-premier-pain-depices-chataigne-miel\/\"},\"wordCount\":305,\"commentCount\":11,\"publisher\":{\"@id\":\"https:\/\/www.quinoaetbasmati.fr\/#organization\"},\"image\":{\"@id\":\"https:\/\/www.quinoaetbasmati.fr\/index.php\/2018\/11\/18\/mon-premier-pain-depices-chataigne-miel\/#primaryimage\"},\"thumbnailUrl\":\"https:\/\/www.quinoaetbasmati.fr\/wp-content\/uploads\/2018\/11\/pain-d\u00e9pices3-scaled.jpg\",\"keywords\":[\"4epices\",\"chata\u00eegne\",\"farinedechata\u00eegne\",\"gateaudenoel\",\"gateaudenoelsansgluten\",\"gateaudhiver\",\"go\u00fbtersansgluten\",\"goutersanslait\",\"noel\",\"paindepicech\u00e2taigne\",\"paind\u00e9pices\",\"paind\u00e9picessansgluten\",\"paind\u00e9picessanslait\",\"poudredamande\"],\"articleSection\":[\"Coin sucr\u00e9\",\"G\u00e2teaux, cakes et brownies\"],\"inLanguage\":\"fr-FR\",\"potentialAction\":[{\"@type\":\"CommentAction\",\"name\":\"Comment\",\"target\":[\"https:\/\/www.quinoaetbasmati.fr\/index.php\/2018\/11\/18\/mon-premier-pain-depices-chataigne-miel\/#respond\"]}]},{\"@type\":\"WebPage\",\"@id\":\"https:\/\/www.quinoaetbasmati.fr\/index.php\/2018\/11\/18\/mon-premier-pain-depices-chataigne-miel\/\",\"url\":\"https:\/\/www.quinoaetbasmati.fr\/index.php\/2018\/11\/18\/mon-premier-pain-depices-chataigne-miel\/\",\"name\":\"Mon premier pain d'\u00e9pices (ch\u00e2taigne & miel)-sans gluten, sans lait - Quinoa et Basmati\",\"isPartOf\":{\"@id\":\"https:\/\/www.quinoaetbasmati.fr\/#website\"},\"primaryImageOfPage\":{\"@id\":\"https:\/\/www.quinoaetbasmati.fr\/index.php\/2018\/11\/18\/mon-premier-pain-depices-chataigne-miel\/#primaryimage\"},\"image\":{\"@id\":\"https:\/\/www.quinoaetbasmati.fr\/index.php\/2018\/11\/18\/mon-premier-pain-depices-chataigne-miel\/#primaryimage\"},\"thumbnailUrl\":\"https:\/\/www.quinoaetbasmati.fr\/wp-content\/uploads\/2018\/11\/pain-d\u00e9pices3-scaled.jpg\",\"datePublished\":\"2018-11-18T06:08:42+00:00\",\"dateModified\":\"2022-12-31T06:57:47+00:00\",\"description\":\"Recette de pain d'\u00e9pices sans gluten sans lait, \u00e0 la farine de riz complet de ch\u00e2taigne. et \u00e0 la poudre d'amande. Avec du miel liquide et du lait v\u00e9g\u00e9tal.\",\"breadcrumb\":{\"@id\":\"https:\/\/www.quinoaetbasmati.fr\/index.php\/2018\/11\/18\/mon-premier-pain-depices-chataigne-miel\/#breadcrumb\"},\"inLanguage\":\"fr-FR\",\"potentialAction\":[{\"@type\":\"ReadAction\",\"target\":[\"https:\/\/www.quinoaetbasmati.fr\/index.php\/2018\/11\/18\/mon-premier-pain-depices-chataigne-miel\/\"]}]},{\"@type\":\"ImageObject\",\"inLanguage\":\"fr-FR\",\"@id\":\"https:\/\/www.quinoaetbasmati.fr\/index.php\/2018\/11\/18\/mon-premier-pain-depices-chataigne-miel\/#primaryimage\",\"url\":\"https:\/\/www.quinoaetbasmati.fr\/wp-content\/uploads\/2018\/11\/pain-d\u00e9pices3-scaled.jpg\",\"contentUrl\":\"https:\/\/www.quinoaetbasmati.fr\/wp-content\/uploads\/2018\/11\/pain-d\u00e9pices3-scaled.jpg\",\"width\":2560,\"height\":1707,\"caption\":\"pain d'\u00e9pice sans gluten sans lait\"},{\"@type\":\"BreadcrumbList\",\"@id\":\"https:\/\/www.quinoaetbasmati.fr\/index.php\/2018\/11\/18\/mon-premier-pain-depices-chataigne-miel\/#breadcrumb\",\"itemListElement\":[{\"@type\":\"ListItem\",\"position\":1,\"name\":\"Accueil\",\"item\":\"https:\/\/www.quinoaetbasmati.fr\/\"},{\"@type\":\"ListItem\",\"position\":2,\"name\":\"Mon premier pain d&#8217;\u00e9pices (ch\u00e2taigne &#038; miel)-sans gluten, sans lait\"}]},{\"@type\":\"WebSite\",\"@id\":\"https:\/\/www.quinoaetbasmati.fr\/#website\",\"url\":\"https:\/\/www.quinoaetbasmati.fr\/\",\"name\":\"Quinoa et Basmati\",\"description\":\"Tambouilles saines et gourmandes\",\"publisher\":{\"@id\":\"https:\/\/www.quinoaetbasmati.fr\/#organization\"},\"potentialAction\":[{\"@type\":\"SearchAction\",\"target\":{\"@type\":\"EntryPoint\",\"urlTemplate\":\"https:\/\/www.quinoaetbasmati.fr\/?s={search_term_string}\"},\"query-input\":{\"@type\":\"PropertyValueSpecification\",\"valueRequired\":true,\"valueName\":\"search_term_string\"}}],\"inLanguage\":\"fr-FR\"},{\"@type\":\"Organization\",\"@id\":\"https:\/\/www.quinoaetbasmati.fr\/#organization\",\"name\":\"Quinoa et Basmati\",\"url\":\"https:\/\/www.quinoaetbasmati.fr\/\",\"logo\":{\"@type\":\"ImageObject\",\"inLanguage\":\"fr-FR\",\"@id\":\"https:\/\/www.quinoaetbasmati.fr\/#\/schema\/logo\/image\/\",\"url\":\"https:\/\/www.quinoaetbasmati.fr\/wp-content\/uploads\/2018\/01\/cropped-27604279_10156154691158069_1209813160_o-4.jpg\",\"contentUrl\":\"https:\/\/www.quinoaetbasmati.fr\/wp-content\/uploads\/2018\/01\/cropped-27604279_10156154691158069_1209813160_o-4.jpg\",\"width\":455,\"height\":175,\"caption\":\"Quinoa et Basmati\"},\"image\":{\"@id\":\"https:\/\/www.quinoaetbasmati.fr\/#\/schema\/logo\/image\/\"}},{\"@type\":\"Person\",\"@id\":\"https:\/\/www.quinoaetbasmati.fr\/#\/schema\/person\/21c75a6815a94cba09b349c791a05200\",\"name\":\"Sarra\",\"image\":{\"@type\":\"ImageObject\",\"inLanguage\":\"fr-FR\",\"@id\":\"https:\/\/www.quinoaetbasmati.fr\/#\/schema\/person\/image\/\",\"url\":\"https:\/\/secure.gravatar.com\/avatar\/c0b39ca0d8387dd6fa9f63e57d897929f78c0e468fae66ce7d91f34122a1c1d1?s=96&d=mm&r=g\",\"contentUrl\":\"https:\/\/secure.gravatar.com\/avatar\/c0b39ca0d8387dd6fa9f63e57d897929f78c0e468fae66ce7d91f34122a1c1d1?s=96&d=mm&r=g\",\"caption\":\"Sarra\"},\"url\":\"https:\/\/www.quinoaetbasmati.fr\/index.php\/author\/sarra\/\"}]}<\/script>\n<!-- \/ Yoast SEO plugin. -->","yoast_head_json":{"title":"Mon premier pain d'\u00e9pices (ch\u00e2taigne & miel)-sans gluten, sans lait - Quinoa et Basmati","description":"Recette de pain d'\u00e9pices sans gluten sans lait, \u00e0 la farine de riz complet de ch\u00e2taigne. et \u00e0 la poudre d'amande. Avec du miel liquide et du lait v\u00e9g\u00e9tal.","robots":{"index":"index","follow":"follow","max-snippet":"max-snippet:-1","max-image-preview":"max-image-preview:large","max-video-preview":"max-video-preview:-1"},"canonical":"https:\/\/www.quinoaetbasmati.fr\/index.php\/2018\/11\/18\/mon-premier-pain-depices-chataigne-miel\/","og_locale":"fr_FR","og_type":"article","og_title":"Mon premier pain d'\u00e9pices (ch\u00e2taigne & miel)-sans gluten, sans lait - Quinoa et Basmati","og_description":"Recette de pain d'\u00e9pices sans gluten sans lait, \u00e0 la farine de riz complet de ch\u00e2taigne. et \u00e0 la poudre d'amande. Avec du miel liquide et du lait v\u00e9g\u00e9tal.","og_url":"https:\/\/www.quinoaetbasmati.fr\/index.php\/2018\/11\/18\/mon-premier-pain-depices-chataigne-miel\/","og_site_name":"Quinoa et Basmati","article_published_time":"2018-11-18T06:08:42+00:00","article_modified_time":"2022-12-31T06:57:47+00:00","og_image":[{"width":2560,"height":1707,"url":"https:\/\/www.quinoaetbasmati.fr\/wp-content\/uploads\/2018\/11\/pain-d\u00e9pices3-scaled.jpg","type":"image\/jpeg"}],"author":"Sarra","twitter_card":"summary_large_image","twitter_misc":{"\u00c9crit par":"Sarra","Dur\u00e9e de lecture estim\u00e9e":"2 minutes"},"schema":{"@context":"https:\/\/schema.org","@graph":[{"@type":"Article","@id":"https:\/\/www.quinoaetbasmati.fr\/index.php\/2018\/11\/18\/mon-premier-pain-depices-chataigne-miel\/#article","isPartOf":{"@id":"https:\/\/www.quinoaetbasmati.fr\/index.php\/2018\/11\/18\/mon-premier-pain-depices-chataigne-miel\/"},"author":{"name":"Sarra","@id":"https:\/\/www.quinoaetbasmati.fr\/#\/schema\/person\/21c75a6815a94cba09b349c791a05200"},"headline":"Mon premier pain d&rsquo;\u00e9pices (ch\u00e2taigne &#038; miel)-sans gluten, sans lait","datePublished":"2018-11-18T06:08:42+00:00","dateModified":"2022-12-31T06:57:47+00:00","mainEntityOfPage":{"@id":"https:\/\/www.quinoaetbasmati.fr\/index.php\/2018\/11\/18\/mon-premier-pain-depices-chataigne-miel\/"},"wordCount":305,"commentCount":11,"publisher":{"@id":"https:\/\/www.quinoaetbasmati.fr\/#organization"},"image":{"@id":"https:\/\/www.quinoaetbasmati.fr\/index.php\/2018\/11\/18\/mon-premier-pain-depices-chataigne-miel\/#primaryimage"},"thumbnailUrl":"https:\/\/www.quinoaetbasmati.fr\/wp-content\/uploads\/2018\/11\/pain-d\u00e9pices3-scaled.jpg","keywords":["4epices","chata\u00eegne","farinedechata\u00eegne","gateaudenoel","gateaudenoelsansgluten","gateaudhiver","go\u00fbtersansgluten","goutersanslait","noel","paindepicech\u00e2taigne","paind\u00e9pices","paind\u00e9picessansgluten","paind\u00e9picessanslait","poudredamande"],"articleSection":["Coin sucr\u00e9","G\u00e2teaux, cakes et brownies"],"inLanguage":"fr-FR","potentialAction":[{"@type":"CommentAction","name":"Comment","target":["https:\/\/www.quinoaetbasmati.fr\/index.php\/2018\/11\/18\/mon-premier-pain-depices-chataigne-miel\/#respond"]}]},{"@type":"WebPage","@id":"https:\/\/www.quinoaetbasmati.fr\/index.php\/2018\/11\/18\/mon-premier-pain-depices-chataigne-miel\/","url":"https:\/\/www.quinoaetbasmati.fr\/index.php\/2018\/11\/18\/mon-premier-pain-depices-chataigne-miel\/","name":"Mon premier pain d'\u00e9pices (ch\u00e2taigne & miel)-sans gluten, sans lait - Quinoa et Basmati","isPartOf":{"@id":"https:\/\/www.quinoaetbasmati.fr\/#website"},"primaryImageOfPage":{"@id":"https:\/\/www.quinoaetbasmati.fr\/index.php\/2018\/11\/18\/mon-premier-pain-depices-chataigne-miel\/#primaryimage"},"image":{"@id":"https:\/\/www.quinoaetbasmati.fr\/index.php\/2018\/11\/18\/mon-premier-pain-depices-chataigne-miel\/#primaryimage"},"thumbnailUrl":"https:\/\/www.quinoaetbasmati.fr\/wp-content\/uploads\/2018\/11\/pain-d\u00e9pices3-scaled.jpg","datePublished":"2018-11-18T06:08:42+00:00","dateModified":"2022-12-31T06:57:47+00:00","description":"Recette de pain d'\u00e9pices sans gluten sans lait, \u00e0 la farine de riz complet de ch\u00e2taigne. et \u00e0 la poudre d'amande. Avec du miel liquide et du lait v\u00e9g\u00e9tal.","breadcrumb":{"@id":"https:\/\/www.quinoaetbasmati.fr\/index.php\/2018\/11\/18\/mon-premier-pain-depices-chataigne-miel\/#breadcrumb"},"inLanguage":"fr-FR","potentialAction":[{"@type":"ReadAction","target":["https:\/\/www.quinoaetbasmati.fr\/index.php\/2018\/11\/18\/mon-premier-pain-depices-chataigne-miel\/"]}]},{"@type":"ImageObject","inLanguage":"fr-FR","@id":"https:\/\/www.quinoaetbasmati.fr\/index.php\/2018\/11\/18\/mon-premier-pain-depices-chataigne-miel\/#primaryimage","url":"https:\/\/www.quinoaetbasmati.fr\/wp-content\/uploads\/2018\/11\/pain-d\u00e9pices3-scaled.jpg","contentUrl":"https:\/\/www.quinoaetbasmati.fr\/wp-content\/uploads\/2018\/11\/pain-d\u00e9pices3-scaled.jpg","width":2560,"height":1707,"caption":"pain d'\u00e9pice sans gluten sans lait"},{"@type":"BreadcrumbList","@id":"https:\/\/www.quinoaetbasmati.fr\/index.php\/2018\/11\/18\/mon-premier-pain-depices-chataigne-miel\/#breadcrumb","itemListElement":[{"@type":"ListItem","position":1,"name":"Accueil","item":"https:\/\/www.quinoaetbasmati.fr\/"},{"@type":"ListItem","position":2,"name":"Mon premier pain d&#8217;\u00e9pices (ch\u00e2taigne &#038; miel)-sans gluten, sans lait"}]},{"@type":"WebSite","@id":"https:\/\/www.quinoaetbasmati.fr\/#website","url":"https:\/\/www.quinoaetbasmati.fr\/","name":"Quinoa et Basmati","description":"Tambouilles saines et gourmandes","publisher":{"@id":"https:\/\/www.quinoaetbasmati.fr\/#organization"},"potentialAction":[{"@type":"SearchAction","target":{"@type":"EntryPoint","urlTemplate":"https:\/\/www.quinoaetbasmati.fr\/?s={search_term_string}"},"query-input":{"@type":"PropertyValueSpecification","valueRequired":true,"valueName":"search_term_string"}}],"inLanguage":"fr-FR"},{"@type":"Organization","@id":"https:\/\/www.quinoaetbasmati.fr\/#organization","name":"Quinoa et Basmati","url":"https:\/\/www.quinoaetbasmati.fr\/","logo":{"@type":"ImageObject","inLanguage":"fr-FR","@id":"https:\/\/www.quinoaetbasmati.fr\/#\/schema\/logo\/image\/","url":"https:\/\/www.quinoaetbasmati.fr\/wp-content\/uploads\/2018\/01\/cropped-27604279_10156154691158069_1209813160_o-4.jpg","contentUrl":"https:\/\/www.quinoaetbasmati.fr\/wp-content\/uploads\/2018\/01\/cropped-27604279_10156154691158069_1209813160_o-4.jpg","width":455,"height":175,"caption":"Quinoa et Basmati"},"image":{"@id":"https:\/\/www.quinoaetbasmati.fr\/#\/schema\/logo\/image\/"}},{"@type":"Person","@id":"https:\/\/www.quinoaetbasmati.fr\/#\/schema\/person\/21c75a6815a94cba09b349c791a05200","name":"Sarra","image":{"@type":"ImageObject","inLanguage":"fr-FR","@id":"https:\/\/www.quinoaetbasmati.fr\/#\/schema\/person\/image\/","url":"https:\/\/secure.gravatar.com\/avatar\/c0b39ca0d8387dd6fa9f63e57d897929f78c0e468fae66ce7d91f34122a1c1d1?s=96&d=mm&r=g","contentUrl":"https:\/\/secure.gravatar.com\/avatar\/c0b39ca0d8387dd6fa9f63e57d897929f78c0e468fae66ce7d91f34122a1c1d1?s=96&d=mm&r=g","caption":"Sarra"},"url":"https:\/\/www.quinoaetbasmati.fr\/index.php\/author\/sarra\/"}]}},"_links":{"self":[{"href":"https:\/\/www.quinoaetbasmati.fr\/index.php\/wp-json\/wp\/v2\/posts\/3886","targetHints":{"allow":["GET"]}}],"collection":[{"href":"https:\/\/www.quinoaetbasmati.fr\/index.php\/wp-json\/wp\/v2\/posts"}],"about":[{"href":"https:\/\/www.quinoaetbasmati.fr\/index.php\/wp-json\/wp\/v2\/types\/post"}],"author":[{"embeddable":true,"href":"https:\/\/www.quinoaetbasmati.fr\/index.php\/wp-json\/wp\/v2\/users\/1"}],"replies":[{"embeddable":true,"href":"https:\/\/www.quinoaetbasmati.fr\/index.php\/wp-json\/wp\/v2\/comments?post=3886"}],"version-history":[{"count":9,"href":"https:\/\/www.quinoaetbasmati.fr\/index.php\/wp-json\/wp\/v2\/posts\/3886\/revisions"}],"predecessor-version":[{"id":8901,"href":"https:\/\/www.quinoaetbasmati.fr\/index.php\/wp-json\/wp\/v2\/posts\/3886\/revisions\/8901"}],"wp:featuredmedia":[{"embeddable":true,"href":"https:\/\/www.quinoaetbasmati.fr\/index.php\/wp-json\/wp\/v2\/media\/3888"}],"wp:attachment":[{"href":"https:\/\/www.quinoaetbasmati.fr\/index.php\/wp-json\/wp\/v2\/media?parent=3886"}],"wp:term":[{"taxonomy":"category","embeddable":true,"href":"https:\/\/www.quinoaetbasmati.fr\/index.php\/wp-json\/wp\/v2\/categories?post=3886"},{"taxonomy":"post_tag","embeddable":true,"href":"https:\/\/www.quinoaetbasmati.fr\/index.php\/wp-json\/wp\/v2\/tags?post=3886"}],"curies":[{"name":"wp","href":"https:\/\/api.w.org\/{rel}","templated":true}]}}