{"id":4114,"date":"2018-12-16T09:04:22","date_gmt":"2018-12-16T08:04:22","guid":{"rendered":"https:\/\/www.quinoaetbasmati.fr\/?p=4114"},"modified":"2020-06-07T13:15:07","modified_gmt":"2020-06-07T11:15:07","slug":"tarte-choco-noisette-a-la-farine-de-chataigne","status":"publish","type":"post","link":"https:\/\/www.quinoaetbasmati.fr\/index.php\/2018\/12\/16\/tarte-choco-noisette-a-la-farine-de-chataigne\/","title":{"rendered":"Tarte choco noisette \u00e0 la farine de ch\u00e2taigne"},"content":{"rendered":"<p><span style=\"font-size: 12pt; font-family: 'times new roman', times, serif;\">Les vacances de Noel qui approchent me donnent envie de <strong>p\u00e2tisser les \u00ab\u00a0g\u00e2teaux doudous de mon enfance\u00a0\u00bb<\/strong>, et s&rsquo;il y a bien une<strong> recette r\u00e9gressive<\/strong> parmi toutes, c&rsquo;est celle de<strong> la tarte au chocolat<\/strong>.\u00a0<\/span><\/p>\n<p><span style=\"font-size: 12pt; font-family: 'times new roman', times, serif;\">Je l&rsquo;ai revisit\u00e9e \u00e0 l&rsquo;occasion d&rsquo;un go\u00fbter du dimanche: <strong>une p\u00e2te sabl\u00e9e craquante et sucr\u00e9e \u00e0 la farine de chata\u00eegne et une ganache choco noisette \u00e0 se damner&#8230;<\/strong><\/span><\/p>\n<p><span style=\"font-size: 12pt; font-family: 'times new roman', times, serif;\"><strong>un vrai go\u00fbt d&rsquo;enfance cette tarte choco noisette!<\/strong><\/span><\/p>\n<p>&nbsp;<\/p>\n<p style=\"text-align: center;\"><span style=\"font-size: 12pt; font-family: 'times new roman', times, serif;\"><strong>Ingr\u00e9dients<\/strong><\/span><\/p>\n<p>&nbsp;<\/p>\n<p><span style=\"font-size: 12pt; font-family: 'times new roman', times, serif;\"><strong><em>Pour la p\u00e2te<\/em><\/strong><\/span><\/p>\n<ul>\n<li><span style=\"font-size: 12pt; font-family: 'times new roman', times, serif;\">150 gr de farine de riz complet<\/span><\/li>\n<li><span style=\"font-size: 12pt; font-family: 'times new roman', times, serif;\">40 gr de farine de ch\u00e2taigne<\/span><\/li>\n<li><span style=\"font-size: 12pt; font-family: 'times new roman', times, serif;\">60 gr de poudre d&rsquo;amande<\/span><\/li>\n<li><span style=\"font-size: 12pt; font-family: 'times new roman', times, serif;\">2 \u0153ufs<\/span><\/li>\n<li><span style=\"font-size: 12pt; font-family: 'times new roman', times, serif;\">2 cuill\u00e8res \u00e0 soupe d&rsquo;huile d&rsquo;olive<\/span><\/li>\n<li><span style=\"font-size: 12pt; font-family: 'times new roman', times, serif;\">40 gr de sucre complet<\/span><\/li>\n<\/ul>\n<p><span style=\"font-size: 12pt; font-family: 'times new roman', times, serif;\"><em><strong>Pour la ganache\u00a0<\/strong><\/em><\/span><\/p>\n<ul>\n<li><span style=\"font-size: 12pt; font-family: 'times new roman', times, serif;\">200 gr de chocolat noir \u00e0 p\u00e2tisser<\/span><\/li>\n<li><span style=\"font-size: 12pt; font-family: 'times new roman', times, serif;\">25 cl de cr\u00e8me de noisette (je la trouve en magasin bio)<\/span><\/li>\n<\/ul>\n<p>&nbsp;<\/p>\n<p style=\"text-align: center;\"><span style=\"font-size: 12pt; font-family: 'times new roman', times, serif;\"><strong>Tambouille<\/strong><\/span><\/p>\n<p>&nbsp;<\/p>\n<p><span style=\"font-size: 12pt; font-family: 'times new roman', times, serif;\"><strong><em>On pr\u00e9pare la p\u00e2te<\/em><\/strong><\/span><\/p>\n<p>&nbsp;<\/p>\n<p><span style=\"font-size: 12pt; font-family: 'times new roman', times, serif;\"><strong>M\u00e9langez<\/strong> ensemble les ingr\u00e9dients secs et <strong>formez<\/strong> un puit<\/span><\/p>\n<p><span style=\"font-size: 12pt; font-family: 'times new roman', times, serif;\"><strong>Ajoutez<\/strong> les oeufs et versez l&rsquo;huile, <strong>m\u00e9langez<\/strong><\/span><\/p>\n<p><span style=\"font-size: 12pt; font-family: 'times new roman', times, serif;\"><strong>Formez<\/strong> une boule de p\u00e2te et <strong>r\u00e9servez-la<\/strong> une dizaine de minutes au frigo<\/span><\/p>\n<p><span style=\"font-size: 12pt; font-family: 'times new roman', times, serif;\"><strong>\u00c9talez<\/strong> la p\u00e2te entre deux feuilles de papier cuisson (petite astuce pour \u00e9viter qu&rsquo;elle ne colle au rouleau!), <strong>d\u00e9posez-la<\/strong> dans un plat \u00e0 tarte et <b>faites-la <\/b><strong>cuire<\/strong> \u00e0 blanc pendant une vingtaine de minutes \u00e0 180\u00b0 (jusqu&rsquo;\u00e0 ce qu&rsquo;elle soit bien dor\u00e9e)<\/span><\/p>\n<p>&nbsp;<\/p>\n<p><span style=\"font-size: 12pt; font-family: 'times new roman', times, serif;\"><em><strong>On pr\u00e9pare la ganache<\/strong><\/em><\/span><\/p>\n<p>&nbsp;<\/p>\n<p><span style=\"font-size: 12pt; font-family: 'times new roman', times, serif;\"><strong>Faites fondre<\/strong> le chocolat avec la cr\u00e8me de noisette dans une casserole au bain marie<\/span><\/p>\n<p><span style=\"font-size: 12pt; font-family: 'times new roman', times, serif;\"><strong>Versez<\/strong> la ganache dans le fond de tarte<\/span><\/p>\n<p><span style=\"font-size: 12pt; font-family: 'times new roman', times, serif;\"><strong>R\u00e9servez<\/strong> au frais pendant 2 heures<\/span><\/p>\n<p>&nbsp;<\/p>\n<p style=\"text-align: center;\"><span style=\"font-size: 12pt; font-family: 'times new roman', times, serif;\"><strong>D\u00e9vorez!<\/strong><\/span><\/p>\n","protected":false},"excerpt":{"rendered":"<p>Les vacances de Noel qui approchent me donnent envie de p\u00e2tisser les \u00ab\u00a0g\u00e2teaux doudous de mon enfance\u00a0\u00bb, et s&rsquo;il y a bien une recette r\u00e9gressive parmi toutes, c&rsquo;est celle de la tarte au chocolat.\u00a0 Je l&rsquo;ai revisit\u00e9e \u00e0 l&rsquo;occasion d&rsquo;un go\u00fbter du dimanche: une p\u00e2te [&hellip;]<\/p>\n","protected":false},"author":1,"featured_media":4143,"comment_status":"open","ping_status":"open","sticky":false,"template":"","format":"standard","meta":{"footnotes":""},"categories":[910,974],"tags":[48,1189,410,386,242,215,158,49,1902,15,16,59,1188,440],"class_list":["post-4114","post","type-post","status-publish","format-standard","has-post-thumbnail","hentry","category-coin-sucre","category-tartes-et-tartelettes","tag-chocolat","tag-cremedenoisette","tag-dessert","tag-dessertsanslait","tag-farinedechataigne","tag-farinederiz","tag-gouter","tag-noisette","tag-patesablee","tag-sansgluten","tag-sanslactose","tag-sanslait","tag-sanssucreraffine","tag-tarte"],"yoast_head":"<!-- This site is optimized with the Yoast SEO plugin v24.4 - https:\/\/yoast.com\/wordpress\/plugins\/seo\/ -->\n<title>Tarte choco noisette \u00e0 la farine de ch\u00e2taigne - Quinoa et Basmati<\/title>\n<meta name=\"description\" content=\"Recette de tarte sucr\u00e9e sans gluten et sans lait \u00e0 la farine de chata\u00eegne et au chocolat\" \/>\n<meta name=\"robots\" content=\"index, follow, max-snippet:-1, max-image-preview:large, max-video-preview:-1\" \/>\n<link rel=\"canonical\" href=\"https:\/\/www.quinoaetbasmati.fr\/index.php\/2018\/12\/16\/tarte-choco-noisette-a-la-farine-de-chataigne\/\" \/>\n<meta property=\"og:locale\" content=\"fr_FR\" \/>\n<meta property=\"og:type\" content=\"article\" \/>\n<meta property=\"og:title\" content=\"Tarte choco noisette \u00e0 la farine de ch\u00e2taigne - Quinoa et Basmati\" \/>\n<meta property=\"og:description\" content=\"Recette de tarte sucr\u00e9e sans gluten et sans lait \u00e0 la farine de chata\u00eegne et au chocolat\" \/>\n<meta property=\"og:url\" content=\"https:\/\/www.quinoaetbasmati.fr\/index.php\/2018\/12\/16\/tarte-choco-noisette-a-la-farine-de-chataigne\/\" \/>\n<meta property=\"og:site_name\" content=\"Quinoa et Basmati\" \/>\n<meta property=\"article:published_time\" content=\"2018-12-16T08:04:22+00:00\" \/>\n<meta property=\"article:modified_time\" content=\"2020-06-07T11:15:07+00:00\" \/>\n<meta property=\"og:image\" content=\"https:\/\/www.quinoaetbasmati.fr\/wp-content\/uploads\/2018\/12\/tarte-1-scaled.jpg\" \/>\n\t<meta property=\"og:image:width\" content=\"2560\" \/>\n\t<meta property=\"og:image:height\" content=\"1761\" \/>\n\t<meta property=\"og:image:type\" content=\"image\/jpeg\" \/>\n<meta name=\"author\" content=\"Sarra\" \/>\n<meta name=\"twitter:card\" content=\"summary_large_image\" \/>\n<meta name=\"twitter:label1\" content=\"\u00c9crit par\" \/>\n\t<meta name=\"twitter:data1\" content=\"Sarra\" \/>\n\t<meta name=\"twitter:label2\" content=\"Dur\u00e9e de lecture estim\u00e9e\" \/>\n\t<meta name=\"twitter:data2\" content=\"1 minute\" \/>\n<script type=\"application\/ld+json\" class=\"yoast-schema-graph\">{\"@context\":\"https:\/\/schema.org\",\"@graph\":[{\"@type\":\"Article\",\"@id\":\"https:\/\/www.quinoaetbasmati.fr\/index.php\/2018\/12\/16\/tarte-choco-noisette-a-la-farine-de-chataigne\/#article\",\"isPartOf\":{\"@id\":\"https:\/\/www.quinoaetbasmati.fr\/index.php\/2018\/12\/16\/tarte-choco-noisette-a-la-farine-de-chataigne\/\"},\"author\":{\"name\":\"Sarra\",\"@id\":\"https:\/\/www.quinoaetbasmati.fr\/#\/schema\/person\/21c75a6815a94cba09b349c791a05200\"},\"headline\":\"Tarte choco noisette \u00e0 la farine de ch\u00e2taigne\",\"datePublished\":\"2018-12-16T08:04:22+00:00\",\"dateModified\":\"2020-06-07T11:15:07+00:00\",\"mainEntityOfPage\":{\"@id\":\"https:\/\/www.quinoaetbasmati.fr\/index.php\/2018\/12\/16\/tarte-choco-noisette-a-la-farine-de-chataigne\/\"},\"wordCount\":265,\"commentCount\":9,\"publisher\":{\"@id\":\"https:\/\/www.quinoaetbasmati.fr\/#organization\"},\"image\":{\"@id\":\"https:\/\/www.quinoaetbasmati.fr\/index.php\/2018\/12\/16\/tarte-choco-noisette-a-la-farine-de-chataigne\/#primaryimage\"},\"thumbnailUrl\":\"https:\/\/www.quinoaetbasmati.fr\/wp-content\/uploads\/2018\/12\/tarte-1-scaled.jpg\",\"keywords\":[\"chocolat\",\"cremedenoisette\",\"dessert\",\"dessertsanslait\",\"farinedechata\u00eegne\",\"farinederiz\",\"go\u00fbter\",\"noisette\",\"patesablee\",\"sansgluten\",\"sanslactose\",\"sanslait\",\"sanssucreraffine\",\"tarte\"],\"articleSection\":[\"Coin sucr\u00e9\",\"Tartes et tartelettes\"],\"inLanguage\":\"fr-FR\",\"potentialAction\":[{\"@type\":\"CommentAction\",\"name\":\"Comment\",\"target\":[\"https:\/\/www.quinoaetbasmati.fr\/index.php\/2018\/12\/16\/tarte-choco-noisette-a-la-farine-de-chataigne\/#respond\"]}]},{\"@type\":\"WebPage\",\"@id\":\"https:\/\/www.quinoaetbasmati.fr\/index.php\/2018\/12\/16\/tarte-choco-noisette-a-la-farine-de-chataigne\/\",\"url\":\"https:\/\/www.quinoaetbasmati.fr\/index.php\/2018\/12\/16\/tarte-choco-noisette-a-la-farine-de-chataigne\/\",\"name\":\"Tarte choco noisette \u00e0 la farine de ch\u00e2taigne - Quinoa et Basmati\",\"isPartOf\":{\"@id\":\"https:\/\/www.quinoaetbasmati.fr\/#website\"},\"primaryImageOfPage\":{\"@id\":\"https:\/\/www.quinoaetbasmati.fr\/index.php\/2018\/12\/16\/tarte-choco-noisette-a-la-farine-de-chataigne\/#primaryimage\"},\"image\":{\"@id\":\"https:\/\/www.quinoaetbasmati.fr\/index.php\/2018\/12\/16\/tarte-choco-noisette-a-la-farine-de-chataigne\/#primaryimage\"},\"thumbnailUrl\":\"https:\/\/www.quinoaetbasmati.fr\/wp-content\/uploads\/2018\/12\/tarte-1-scaled.jpg\",\"datePublished\":\"2018-12-16T08:04:22+00:00\",\"dateModified\":\"2020-06-07T11:15:07+00:00\",\"description\":\"Recette de tarte sucr\u00e9e sans gluten et sans lait \u00e0 la farine de chata\u00eegne et au chocolat\",\"breadcrumb\":{\"@id\":\"https:\/\/www.quinoaetbasmati.fr\/index.php\/2018\/12\/16\/tarte-choco-noisette-a-la-farine-de-chataigne\/#breadcrumb\"},\"inLanguage\":\"fr-FR\",\"potentialAction\":[{\"@type\":\"ReadAction\",\"target\":[\"https:\/\/www.quinoaetbasmati.fr\/index.php\/2018\/12\/16\/tarte-choco-noisette-a-la-farine-de-chataigne\/\"]}]},{\"@type\":\"ImageObject\",\"inLanguage\":\"fr-FR\",\"@id\":\"https:\/\/www.quinoaetbasmati.fr\/index.php\/2018\/12\/16\/tarte-choco-noisette-a-la-farine-de-chataigne\/#primaryimage\",\"url\":\"https:\/\/www.quinoaetbasmati.fr\/wp-content\/uploads\/2018\/12\/tarte-1-scaled.jpg\",\"contentUrl\":\"https:\/\/www.quinoaetbasmati.fr\/wp-content\/uploads\/2018\/12\/tarte-1-scaled.jpg\",\"width\":2560,\"height\":1761,\"caption\":\"tarte ch\u00e2taigne chocolat\"},{\"@type\":\"BreadcrumbList\",\"@id\":\"https:\/\/www.quinoaetbasmati.fr\/index.php\/2018\/12\/16\/tarte-choco-noisette-a-la-farine-de-chataigne\/#breadcrumb\",\"itemListElement\":[{\"@type\":\"ListItem\",\"position\":1,\"name\":\"Accueil\",\"item\":\"https:\/\/www.quinoaetbasmati.fr\/\"},{\"@type\":\"ListItem\",\"position\":2,\"name\":\"Tarte choco noisette \u00e0 la farine de ch\u00e2taigne\"}]},{\"@type\":\"WebSite\",\"@id\":\"https:\/\/www.quinoaetbasmati.fr\/#website\",\"url\":\"https:\/\/www.quinoaetbasmati.fr\/\",\"name\":\"Quinoa et Basmati\",\"description\":\"Tambouilles saines et gourmandes\",\"publisher\":{\"@id\":\"https:\/\/www.quinoaetbasmati.fr\/#organization\"},\"potentialAction\":[{\"@type\":\"SearchAction\",\"target\":{\"@type\":\"EntryPoint\",\"urlTemplate\":\"https:\/\/www.quinoaetbasmati.fr\/?s={search_term_string}\"},\"query-input\":{\"@type\":\"PropertyValueSpecification\",\"valueRequired\":true,\"valueName\":\"search_term_string\"}}],\"inLanguage\":\"fr-FR\"},{\"@type\":\"Organization\",\"@id\":\"https:\/\/www.quinoaetbasmati.fr\/#organization\",\"name\":\"Quinoa et Basmati\",\"url\":\"https:\/\/www.quinoaetbasmati.fr\/\",\"logo\":{\"@type\":\"ImageObject\",\"inLanguage\":\"fr-FR\",\"@id\":\"https:\/\/www.quinoaetbasmati.fr\/#\/schema\/logo\/image\/\",\"url\":\"https:\/\/www.quinoaetbasmati.fr\/wp-content\/uploads\/2018\/01\/cropped-27604279_10156154691158069_1209813160_o-4.jpg\",\"contentUrl\":\"https:\/\/www.quinoaetbasmati.fr\/wp-content\/uploads\/2018\/01\/cropped-27604279_10156154691158069_1209813160_o-4.jpg\",\"width\":455,\"height\":175,\"caption\":\"Quinoa et Basmati\"},\"image\":{\"@id\":\"https:\/\/www.quinoaetbasmati.fr\/#\/schema\/logo\/image\/\"}},{\"@type\":\"Person\",\"@id\":\"https:\/\/www.quinoaetbasmati.fr\/#\/schema\/person\/21c75a6815a94cba09b349c791a05200\",\"name\":\"Sarra\",\"image\":{\"@type\":\"ImageObject\",\"inLanguage\":\"fr-FR\",\"@id\":\"https:\/\/www.quinoaetbasmati.fr\/#\/schema\/person\/image\/\",\"url\":\"https:\/\/secure.gravatar.com\/avatar\/c0b39ca0d8387dd6fa9f63e57d897929f78c0e468fae66ce7d91f34122a1c1d1?s=96&d=mm&r=g\",\"contentUrl\":\"https:\/\/secure.gravatar.com\/avatar\/c0b39ca0d8387dd6fa9f63e57d897929f78c0e468fae66ce7d91f34122a1c1d1?s=96&d=mm&r=g\",\"caption\":\"Sarra\"},\"url\":\"https:\/\/www.quinoaetbasmati.fr\/index.php\/author\/sarra\/\"}]}<\/script>\n<!-- \/ Yoast SEO plugin. -->","yoast_head_json":{"title":"Tarte choco noisette \u00e0 la farine de ch\u00e2taigne - Quinoa et Basmati","description":"Recette de tarte sucr\u00e9e sans gluten et sans lait \u00e0 la farine de chata\u00eegne et au chocolat","robots":{"index":"index","follow":"follow","max-snippet":"max-snippet:-1","max-image-preview":"max-image-preview:large","max-video-preview":"max-video-preview:-1"},"canonical":"https:\/\/www.quinoaetbasmati.fr\/index.php\/2018\/12\/16\/tarte-choco-noisette-a-la-farine-de-chataigne\/","og_locale":"fr_FR","og_type":"article","og_title":"Tarte choco noisette \u00e0 la farine de ch\u00e2taigne - Quinoa et Basmati","og_description":"Recette de tarte sucr\u00e9e sans gluten et sans lait \u00e0 la farine de chata\u00eegne et au chocolat","og_url":"https:\/\/www.quinoaetbasmati.fr\/index.php\/2018\/12\/16\/tarte-choco-noisette-a-la-farine-de-chataigne\/","og_site_name":"Quinoa et Basmati","article_published_time":"2018-12-16T08:04:22+00:00","article_modified_time":"2020-06-07T11:15:07+00:00","og_image":[{"width":2560,"height":1761,"url":"https:\/\/www.quinoaetbasmati.fr\/wp-content\/uploads\/2018\/12\/tarte-1-scaled.jpg","type":"image\/jpeg"}],"author":"Sarra","twitter_card":"summary_large_image","twitter_misc":{"\u00c9crit par":"Sarra","Dur\u00e9e de lecture estim\u00e9e":"1 minute"},"schema":{"@context":"https:\/\/schema.org","@graph":[{"@type":"Article","@id":"https:\/\/www.quinoaetbasmati.fr\/index.php\/2018\/12\/16\/tarte-choco-noisette-a-la-farine-de-chataigne\/#article","isPartOf":{"@id":"https:\/\/www.quinoaetbasmati.fr\/index.php\/2018\/12\/16\/tarte-choco-noisette-a-la-farine-de-chataigne\/"},"author":{"name":"Sarra","@id":"https:\/\/www.quinoaetbasmati.fr\/#\/schema\/person\/21c75a6815a94cba09b349c791a05200"},"headline":"Tarte choco noisette \u00e0 la farine de ch\u00e2taigne","datePublished":"2018-12-16T08:04:22+00:00","dateModified":"2020-06-07T11:15:07+00:00","mainEntityOfPage":{"@id":"https:\/\/www.quinoaetbasmati.fr\/index.php\/2018\/12\/16\/tarte-choco-noisette-a-la-farine-de-chataigne\/"},"wordCount":265,"commentCount":9,"publisher":{"@id":"https:\/\/www.quinoaetbasmati.fr\/#organization"},"image":{"@id":"https:\/\/www.quinoaetbasmati.fr\/index.php\/2018\/12\/16\/tarte-choco-noisette-a-la-farine-de-chataigne\/#primaryimage"},"thumbnailUrl":"https:\/\/www.quinoaetbasmati.fr\/wp-content\/uploads\/2018\/12\/tarte-1-scaled.jpg","keywords":["chocolat","cremedenoisette","dessert","dessertsanslait","farinedechata\u00eegne","farinederiz","go\u00fbter","noisette","patesablee","sansgluten","sanslactose","sanslait","sanssucreraffine","tarte"],"articleSection":["Coin sucr\u00e9","Tartes et tartelettes"],"inLanguage":"fr-FR","potentialAction":[{"@type":"CommentAction","name":"Comment","target":["https:\/\/www.quinoaetbasmati.fr\/index.php\/2018\/12\/16\/tarte-choco-noisette-a-la-farine-de-chataigne\/#respond"]}]},{"@type":"WebPage","@id":"https:\/\/www.quinoaetbasmati.fr\/index.php\/2018\/12\/16\/tarte-choco-noisette-a-la-farine-de-chataigne\/","url":"https:\/\/www.quinoaetbasmati.fr\/index.php\/2018\/12\/16\/tarte-choco-noisette-a-la-farine-de-chataigne\/","name":"Tarte choco noisette \u00e0 la farine de ch\u00e2taigne - Quinoa et Basmati","isPartOf":{"@id":"https:\/\/www.quinoaetbasmati.fr\/#website"},"primaryImageOfPage":{"@id":"https:\/\/www.quinoaetbasmati.fr\/index.php\/2018\/12\/16\/tarte-choco-noisette-a-la-farine-de-chataigne\/#primaryimage"},"image":{"@id":"https:\/\/www.quinoaetbasmati.fr\/index.php\/2018\/12\/16\/tarte-choco-noisette-a-la-farine-de-chataigne\/#primaryimage"},"thumbnailUrl":"https:\/\/www.quinoaetbasmati.fr\/wp-content\/uploads\/2018\/12\/tarte-1-scaled.jpg","datePublished":"2018-12-16T08:04:22+00:00","dateModified":"2020-06-07T11:15:07+00:00","description":"Recette de tarte sucr\u00e9e sans gluten et sans lait \u00e0 la farine de chata\u00eegne et au chocolat","breadcrumb":{"@id":"https:\/\/www.quinoaetbasmati.fr\/index.php\/2018\/12\/16\/tarte-choco-noisette-a-la-farine-de-chataigne\/#breadcrumb"},"inLanguage":"fr-FR","potentialAction":[{"@type":"ReadAction","target":["https:\/\/www.quinoaetbasmati.fr\/index.php\/2018\/12\/16\/tarte-choco-noisette-a-la-farine-de-chataigne\/"]}]},{"@type":"ImageObject","inLanguage":"fr-FR","@id":"https:\/\/www.quinoaetbasmati.fr\/index.php\/2018\/12\/16\/tarte-choco-noisette-a-la-farine-de-chataigne\/#primaryimage","url":"https:\/\/www.quinoaetbasmati.fr\/wp-content\/uploads\/2018\/12\/tarte-1-scaled.jpg","contentUrl":"https:\/\/www.quinoaetbasmati.fr\/wp-content\/uploads\/2018\/12\/tarte-1-scaled.jpg","width":2560,"height":1761,"caption":"tarte ch\u00e2taigne chocolat"},{"@type":"BreadcrumbList","@id":"https:\/\/www.quinoaetbasmati.fr\/index.php\/2018\/12\/16\/tarte-choco-noisette-a-la-farine-de-chataigne\/#breadcrumb","itemListElement":[{"@type":"ListItem","position":1,"name":"Accueil","item":"https:\/\/www.quinoaetbasmati.fr\/"},{"@type":"ListItem","position":2,"name":"Tarte choco noisette \u00e0 la farine de ch\u00e2taigne"}]},{"@type":"WebSite","@id":"https:\/\/www.quinoaetbasmati.fr\/#website","url":"https:\/\/www.quinoaetbasmati.fr\/","name":"Quinoa et Basmati","description":"Tambouilles saines et gourmandes","publisher":{"@id":"https:\/\/www.quinoaetbasmati.fr\/#organization"},"potentialAction":[{"@type":"SearchAction","target":{"@type":"EntryPoint","urlTemplate":"https:\/\/www.quinoaetbasmati.fr\/?s={search_term_string}"},"query-input":{"@type":"PropertyValueSpecification","valueRequired":true,"valueName":"search_term_string"}}],"inLanguage":"fr-FR"},{"@type":"Organization","@id":"https:\/\/www.quinoaetbasmati.fr\/#organization","name":"Quinoa et Basmati","url":"https:\/\/www.quinoaetbasmati.fr\/","logo":{"@type":"ImageObject","inLanguage":"fr-FR","@id":"https:\/\/www.quinoaetbasmati.fr\/#\/schema\/logo\/image\/","url":"https:\/\/www.quinoaetbasmati.fr\/wp-content\/uploads\/2018\/01\/cropped-27604279_10156154691158069_1209813160_o-4.jpg","contentUrl":"https:\/\/www.quinoaetbasmati.fr\/wp-content\/uploads\/2018\/01\/cropped-27604279_10156154691158069_1209813160_o-4.jpg","width":455,"height":175,"caption":"Quinoa et Basmati"},"image":{"@id":"https:\/\/www.quinoaetbasmati.fr\/#\/schema\/logo\/image\/"}},{"@type":"Person","@id":"https:\/\/www.quinoaetbasmati.fr\/#\/schema\/person\/21c75a6815a94cba09b349c791a05200","name":"Sarra","image":{"@type":"ImageObject","inLanguage":"fr-FR","@id":"https:\/\/www.quinoaetbasmati.fr\/#\/schema\/person\/image\/","url":"https:\/\/secure.gravatar.com\/avatar\/c0b39ca0d8387dd6fa9f63e57d897929f78c0e468fae66ce7d91f34122a1c1d1?s=96&d=mm&r=g","contentUrl":"https:\/\/secure.gravatar.com\/avatar\/c0b39ca0d8387dd6fa9f63e57d897929f78c0e468fae66ce7d91f34122a1c1d1?s=96&d=mm&r=g","caption":"Sarra"},"url":"https:\/\/www.quinoaetbasmati.fr\/index.php\/author\/sarra\/"}]}},"_links":{"self":[{"href":"https:\/\/www.quinoaetbasmati.fr\/index.php\/wp-json\/wp\/v2\/posts\/4114","targetHints":{"allow":["GET"]}}],"collection":[{"href":"https:\/\/www.quinoaetbasmati.fr\/index.php\/wp-json\/wp\/v2\/posts"}],"about":[{"href":"https:\/\/www.quinoaetbasmati.fr\/index.php\/wp-json\/wp\/v2\/types\/post"}],"author":[{"embeddable":true,"href":"https:\/\/www.quinoaetbasmati.fr\/index.php\/wp-json\/wp\/v2\/users\/1"}],"replies":[{"embeddable":true,"href":"https:\/\/www.quinoaetbasmati.fr\/index.php\/wp-json\/wp\/v2\/comments?post=4114"}],"version-history":[{"count":6,"href":"https:\/\/www.quinoaetbasmati.fr\/index.php\/wp-json\/wp\/v2\/posts\/4114\/revisions"}],"predecessor-version":[{"id":6460,"href":"https:\/\/www.quinoaetbasmati.fr\/index.php\/wp-json\/wp\/v2\/posts\/4114\/revisions\/6460"}],"wp:featuredmedia":[{"embeddable":true,"href":"https:\/\/www.quinoaetbasmati.fr\/index.php\/wp-json\/wp\/v2\/media\/4143"}],"wp:attachment":[{"href":"https:\/\/www.quinoaetbasmati.fr\/index.php\/wp-json\/wp\/v2\/media?parent=4114"}],"wp:term":[{"taxonomy":"category","embeddable":true,"href":"https:\/\/www.quinoaetbasmati.fr\/index.php\/wp-json\/wp\/v2\/categories?post=4114"},{"taxonomy":"post_tag","embeddable":true,"href":"https:\/\/www.quinoaetbasmati.fr\/index.php\/wp-json\/wp\/v2\/tags?post=4114"}],"curies":[{"name":"wp","href":"https:\/\/api.w.org\/{rel}","templated":true}]}}