{"id":5651,"date":"2020-01-26T07:47:37","date_gmt":"2020-01-26T06:47:37","guid":{"rendered":"https:\/\/www.quinoaetbasmati.fr\/?p=5651"},"modified":"2020-01-26T07:47:37","modified_gmt":"2020-01-26T06:47:37","slug":"fondant-aux-poires-et-a-lamande-super-moelleux-cuit-a-la-vapeur-douce-sans-glutensans-lait","status":"publish","type":"post","link":"https:\/\/www.quinoaetbasmati.fr\/index.php\/2020\/01\/26\/fondant-aux-poires-et-a-lamande-super-moelleux-cuit-a-la-vapeur-douce-sans-glutensans-lait\/","title":{"rendered":"Fondant aux poires et \u00e0 l&rsquo;amande super moelleux cuit \u00e0 la vapeur douce- sans gluten,sans lait"},"content":{"rendered":"<p><span style=\"font-size: 12pt; font-family: 'times new roman', times, serif;\">Il faut que je vous parle de ce <strong>fondant aux poires et \u00e0 l&rsquo;amande super moelleux cuit \u00e0 la vapeur douce<\/strong>.<\/span><\/p>\n<p><span style=\"font-size: 12pt; font-family: 'times new roman', times, serif;\">Si vous connaissez un peu mon univers vous savez que je me suis \u00e9quip\u00e9e il y a deux ans d&rsquo;une <strong>marmite magique<\/strong>: le <a href=\"https:\/\/vitaliseurdemarion.fr\/officiel\/vitaliseur-de-marion\/\">Vitaliseur de Marion<\/a>. Je vous en fait souvent l&rsquo;\u00e9loge.<\/span><\/p>\n<p><span style=\"font-size: 12pt; font-family: 'times new roman', times, serif;\"> Dedans, je cuisine tout:<a href=\"https:\/\/www.quinoaetbasmati.fr\/index.php\/2018\/03\/21\/melange-de-legumes-en-douceur\/\"> les l\u00e9gumes<\/a>, les \u0153ufs, <a href=\"https:\/\/www.quinoaetbasmati.fr\/index.php\/2019\/12\/28\/boulettes-de-poulet-a-la-vapeur-douce-sans-gluten-sans-lait\/\">la viande<\/a>, le poisson, les <a href=\"https:\/\/www.quinoaetbasmati.fr\/index.php\/2018\/12\/12\/compote-de-patate-douce-pomme-et-dattes\/\">compotes<\/a>, <a href=\"https:\/\/www.quinoaetbasmati.fr\/index.php\/2018\/10\/18\/pain-sarrasin-chataigne-et-noix-a-la-vapeur-douce\/\">le pain<\/a> et m\u00eame <a href=\"https:\/\/www.quinoaetbasmati.fr\/index.php\/2019\/04\/12\/cake-tout-moelleux-aux-pepites-de-chocolat-a-la-vapeur-douce\/\">les g\u00e2teaux<\/a> (surtout les g\u00e2teaux!) .\u00a0<\/span><\/p>\n<p><span style=\"font-size: 12pt; font-family: 'times new roman', times, serif;\">La <strong>cuisson \u00e0 la vapeur douce<\/strong>, en plus de pr\u00e9server au maximum les nutriments et vitamines, r\u00e9v\u00e8le les saveurs et rend tout plus tendre.<\/span><\/p>\n<p><span style=\"font-size: 12pt; font-family: 'times new roman', times, serif;\">Je vous laisse imaginer mon g\u00e2teau, son <strong>moelleux incomparable<\/strong>, les <strong>ar\u00f4mes de poire et d&rsquo;amande<\/strong> qui embaument la pi\u00e8ce au moment o\u00f9 je soul\u00e8ve le couvercle du Vitaliseur&#8230;<\/span><\/p>\n<p><span style=\"font-size: 12pt; font-family: 'times new roman', times, serif;\"><strong>un petit bonheur!<\/strong><\/span><\/p>\n<p>&nbsp;<\/p>\n<p style=\"text-align: center;\"><span style=\"font-size: 12pt; font-family: 'times new roman', times, serif;\"><strong>Ingr\u00e9dients<\/strong><\/span><\/p>\n<p>&nbsp;<\/p>\n<ul>\n<li><span style=\"font-size: 12pt; font-family: 'times new roman', times, serif;\">2 poires bien m\u00fbres<\/span><\/li>\n<li><span style=\"font-size: 12pt; font-family: 'times new roman', times, serif;\">50 gr de farine de riz complet<\/span><\/li>\n<li><span style=\"font-size: 12pt; font-family: 'times new roman', times, serif;\">50 gr de poudre d&rsquo;amande<\/span><\/li>\n<li><span style=\"font-size: 12pt; font-family: 'times new roman', times, serif;\">1 cuill\u00e8re \u00e0 soupe de sirop d&rsquo;agave<\/span><\/li>\n<li><span style=\"font-size: 12pt; font-family: 'times new roman', times, serif;\">1 cuill\u00e8re \u00e0 soupe de pur\u00e9e d&rsquo;amande blanche<\/span><\/li>\n<li><span style=\"font-size: 12pt; font-family: 'times new roman', times, serif;\">80 ml de lait d&rsquo;amande sans sucres ajout\u00e9s<\/span><\/li>\n<li><span style=\"font-size: 12pt; font-family: 'times new roman', times, serif;\">1 \u0153uf<\/span><\/li>\n<li><span style=\"font-size: 12pt; font-family: 'times new roman', times, serif;\">1 cuill\u00e8re \u00e0 caf\u00e9 de poudre \u00e0 lever<\/span><\/li>\n<li><span style=\"font-size: 12pt; font-family: 'times new roman', times, serif;\">1\/2 cuill\u00e8re \u00e0 caf\u00e9 d&rsquo;extrait d&rsquo;amande am\u00e8re<\/span><\/li>\n<\/ul>\n<p>&nbsp;<\/p>\n<p>&nbsp;<\/p>\n<p style=\"text-align: center;\"><span style=\"font-size: 12pt; font-family: 'times new roman', times, serif;\"><strong>Tambouille<\/strong><\/span><\/p>\n<p>&nbsp;<\/p>\n<p>&nbsp;<\/p>\n<p><span style=\"font-size: 12pt; font-family: 'times new roman', times, serif;\"><strong>\u00c9pluchez<\/strong> les poires, <strong>coupez-les en quartier<\/strong> et <strong>d\u00e9posez-les<\/strong> dans le fond du moule<\/span><\/p>\n<p><span style=\"font-size: 12pt; font-family: 'times new roman', times, serif;\"><strong>M\u00e9langez<\/strong> ensemble les ingr\u00e9dients secs, <strong>ajoutez<\/strong> les ingr\u00e9dients liquides, <strong>m\u00e9langez et versez<\/strong> la pr\u00e9paration sur les poires.<\/span><\/p>\n<p><span style=\"font-size: 12pt; font-family: 'times new roman', times, serif;\"><strong>Placez<\/strong> le moule dans le panier du Vitaliseur et faites cuire 40 minutes \u00e0 partir du d\u00e9but de l&rsquo;\u00e9bulition<\/span><\/p>\n<p>&nbsp;<\/p>\n<p>&nbsp;<\/p>\n<p style=\"text-align: center;\"><span style=\"font-size: 12pt; font-family: 'times new roman', times, serif;\"><strong>R\u00e9galez-vous!<\/strong><\/span><\/p>\n<p>&nbsp;<\/p>\n<p><span style=\"font-size: 12pt; font-family: 'times new roman', times, serif;\"><em>P.S: Si vous souhaitez vous \u00e9quiper d&rsquo;un Vitaliseur, contactez-moi, je peux vous faire b\u00e9n\u00e9ficier de promos sympas!<\/em><\/span><\/p>\n<p><span style=\"font-size: 12pt; font-family: 'times new roman', times, serif;\"><em>P.S 2: Vous pouvez cuire ce g\u00e2teau au four en pla\u00e7ant un petit r\u00e9cipient d&rsquo;eau \u00e0 c\u00f4t\u00e9 (pour qu&rsquo;il ne soit pas trop sec)<\/em><\/span><\/p>\n<p><span style=\"font-size: 12pt; font-family: 'times new roman', times, serif;\"><em>P.S 3: Un commentaire = une Sarra ravie, utilisez #lesrecettesdequinoa sur instagram (j&rsquo;adore retrouver vos r\u00e9alisations!)<\/em><\/span><\/p>\n","protected":false},"excerpt":{"rendered":"<p>Il faut que je vous parle de ce fondant aux poires et \u00e0 l&rsquo;amande super moelleux cuit \u00e0 la vapeur douce. Si vous connaissez un peu mon univers vous savez que je me suis \u00e9quip\u00e9e il y a deux ans d&rsquo;une marmite magique: le Vitaliseur [&hellip;]<\/p>\n","protected":false},"author":1,"featured_media":5654,"comment_status":"open","ping_status":"open","sticky":false,"template":"","format":"standard","meta":{"footnotes":""},"categories":[910,540,402],"tags":[429,430,1803,413,158,949,214,15,59,535,950],"class_list":["post-5651","post","type-post","status-publish","format-standard","has-post-thumbnail","hentry","category-coin-sucre","category-gateaux-cakes-et-brownies","category-vapeurdouce","tag-amande","tag-amandeamere","tag-fruit","tag-gateau","tag-gouter","tag-poire","tag-poudredamande","tag-sansgluten","tag-sanslait","tag-vapeurdouce","tag-vitaliseur"],"yoast_head":"<!-- This site is optimized with the Yoast SEO plugin v24.4 - https:\/\/yoast.com\/wordpress\/plugins\/seo\/ -->\n<title>Fondant aux poires et \u00e0 l&#039;amande super moelleux cuit \u00e0 la vapeur douce- sans gluten,sans lait - Quinoa et Basmati<\/title>\n<meta name=\"description\" content=\"Recette de moelleux aux poires et \u00e0 l&#039;amande sans gluten sans lait cuit au vitaliseur de Marion\" \/>\n<meta name=\"robots\" content=\"index, follow, max-snippet:-1, max-image-preview:large, max-video-preview:-1\" \/>\n<link rel=\"canonical\" href=\"https:\/\/www.quinoaetbasmati.fr\/index.php\/2020\/01\/26\/fondant-aux-poires-et-a-lamande-super-moelleux-cuit-a-la-vapeur-douce-sans-glutensans-lait\/\" \/>\n<meta property=\"og:locale\" content=\"fr_FR\" \/>\n<meta property=\"og:type\" content=\"article\" \/>\n<meta property=\"og:title\" content=\"Fondant aux poires et \u00e0 l&#039;amande super moelleux cuit \u00e0 la vapeur douce- sans gluten,sans lait - Quinoa et Basmati\" \/>\n<meta property=\"og:description\" content=\"Recette de moelleux aux poires et \u00e0 l&#039;amande sans gluten sans lait cuit au vitaliseur de Marion\" \/>\n<meta property=\"og:url\" content=\"https:\/\/www.quinoaetbasmati.fr\/index.php\/2020\/01\/26\/fondant-aux-poires-et-a-lamande-super-moelleux-cuit-a-la-vapeur-douce-sans-glutensans-lait\/\" \/>\n<meta property=\"og:site_name\" content=\"Quinoa et Basmati\" \/>\n<meta property=\"article:published_time\" content=\"2020-01-26T06:47:37+00:00\" \/>\n<meta property=\"og:image\" content=\"https:\/\/www.quinoaetbasmati.fr\/wp-content\/uploads\/2020\/01\/g\u00e2teau-scaled.jpg\" \/>\n\t<meta property=\"og:image:width\" content=\"2560\" \/>\n\t<meta property=\"og:image:height\" content=\"1821\" \/>\n\t<meta property=\"og:image:type\" content=\"image\/jpeg\" \/>\n<meta name=\"author\" content=\"Sarra\" \/>\n<meta name=\"twitter:card\" content=\"summary_large_image\" \/>\n<meta name=\"twitter:label1\" content=\"\u00c9crit par\" \/>\n\t<meta name=\"twitter:data1\" content=\"Sarra\" \/>\n\t<meta name=\"twitter:label2\" content=\"Dur\u00e9e de lecture estim\u00e9e\" \/>\n\t<meta name=\"twitter:data2\" content=\"2 minutes\" \/>\n<script type=\"application\/ld+json\" class=\"yoast-schema-graph\">{\"@context\":\"https:\/\/schema.org\",\"@graph\":[{\"@type\":\"Article\",\"@id\":\"https:\/\/www.quinoaetbasmati.fr\/index.php\/2020\/01\/26\/fondant-aux-poires-et-a-lamande-super-moelleux-cuit-a-la-vapeur-douce-sans-glutensans-lait\/#article\",\"isPartOf\":{\"@id\":\"https:\/\/www.quinoaetbasmati.fr\/index.php\/2020\/01\/26\/fondant-aux-poires-et-a-lamande-super-moelleux-cuit-a-la-vapeur-douce-sans-glutensans-lait\/\"},\"author\":{\"name\":\"Sarra\",\"@id\":\"https:\/\/www.quinoaetbasmati.fr\/#\/schema\/person\/21c75a6815a94cba09b349c791a05200\"},\"headline\":\"Fondant aux poires et \u00e0 l&rsquo;amande super moelleux cuit \u00e0 la vapeur douce- sans gluten,sans lait\",\"datePublished\":\"2020-01-26T06:47:37+00:00\",\"mainEntityOfPage\":{\"@id\":\"https:\/\/www.quinoaetbasmati.fr\/index.php\/2020\/01\/26\/fondant-aux-poires-et-a-lamande-super-moelleux-cuit-a-la-vapeur-douce-sans-glutensans-lait\/\"},\"wordCount\":338,\"commentCount\":5,\"publisher\":{\"@id\":\"https:\/\/www.quinoaetbasmati.fr\/#organization\"},\"image\":{\"@id\":\"https:\/\/www.quinoaetbasmati.fr\/index.php\/2020\/01\/26\/fondant-aux-poires-et-a-lamande-super-moelleux-cuit-a-la-vapeur-douce-sans-glutensans-lait\/#primaryimage\"},\"thumbnailUrl\":\"https:\/\/www.quinoaetbasmati.fr\/wp-content\/uploads\/2020\/01\/g\u00e2teau-scaled.jpg\",\"keywords\":[\"amande\",\"amandeam\u00e8re\",\"fruit\",\"gateau\",\"go\u00fbter\",\"poire\",\"poudredamande\",\"sansgluten\",\"sanslait\",\"vapeurdouce\",\"vitaliseur\"],\"articleSection\":[\"Coin sucr\u00e9\",\"G\u00e2teaux, cakes et brownies\",\"Vapeur douce\"],\"inLanguage\":\"fr-FR\",\"potentialAction\":[{\"@type\":\"CommentAction\",\"name\":\"Comment\",\"target\":[\"https:\/\/www.quinoaetbasmati.fr\/index.php\/2020\/01\/26\/fondant-aux-poires-et-a-lamande-super-moelleux-cuit-a-la-vapeur-douce-sans-glutensans-lait\/#respond\"]}]},{\"@type\":\"WebPage\",\"@id\":\"https:\/\/www.quinoaetbasmati.fr\/index.php\/2020\/01\/26\/fondant-aux-poires-et-a-lamande-super-moelleux-cuit-a-la-vapeur-douce-sans-glutensans-lait\/\",\"url\":\"https:\/\/www.quinoaetbasmati.fr\/index.php\/2020\/01\/26\/fondant-aux-poires-et-a-lamande-super-moelleux-cuit-a-la-vapeur-douce-sans-glutensans-lait\/\",\"name\":\"Fondant aux poires et \u00e0 l'amande super moelleux cuit \u00e0 la vapeur douce- sans gluten,sans lait - Quinoa et Basmati\",\"isPartOf\":{\"@id\":\"https:\/\/www.quinoaetbasmati.fr\/#website\"},\"primaryImageOfPage\":{\"@id\":\"https:\/\/www.quinoaetbasmati.fr\/index.php\/2020\/01\/26\/fondant-aux-poires-et-a-lamande-super-moelleux-cuit-a-la-vapeur-douce-sans-glutensans-lait\/#primaryimage\"},\"image\":{\"@id\":\"https:\/\/www.quinoaetbasmati.fr\/index.php\/2020\/01\/26\/fondant-aux-poires-et-a-lamande-super-moelleux-cuit-a-la-vapeur-douce-sans-glutensans-lait\/#primaryimage\"},\"thumbnailUrl\":\"https:\/\/www.quinoaetbasmati.fr\/wp-content\/uploads\/2020\/01\/g\u00e2teau-scaled.jpg\",\"datePublished\":\"2020-01-26T06:47:37+00:00\",\"description\":\"Recette de moelleux aux poires et \u00e0 l'amande sans gluten sans lait cuit au vitaliseur de Marion\",\"breadcrumb\":{\"@id\":\"https:\/\/www.quinoaetbasmati.fr\/index.php\/2020\/01\/26\/fondant-aux-poires-et-a-lamande-super-moelleux-cuit-a-la-vapeur-douce-sans-glutensans-lait\/#breadcrumb\"},\"inLanguage\":\"fr-FR\",\"potentialAction\":[{\"@type\":\"ReadAction\",\"target\":[\"https:\/\/www.quinoaetbasmati.fr\/index.php\/2020\/01\/26\/fondant-aux-poires-et-a-lamande-super-moelleux-cuit-a-la-vapeur-douce-sans-glutensans-lait\/\"]}]},{\"@type\":\"ImageObject\",\"inLanguage\":\"fr-FR\",\"@id\":\"https:\/\/www.quinoaetbasmati.fr\/index.php\/2020\/01\/26\/fondant-aux-poires-et-a-lamande-super-moelleux-cuit-a-la-vapeur-douce-sans-glutensans-lait\/#primaryimage\",\"url\":\"https:\/\/www.quinoaetbasmati.fr\/wp-content\/uploads\/2020\/01\/g\u00e2teau-scaled.jpg\",\"contentUrl\":\"https:\/\/www.quinoaetbasmati.fr\/wp-content\/uploads\/2020\/01\/g\u00e2teau-scaled.jpg\",\"width\":2560,\"height\":1821,\"caption\":\"moelleux poire amande sans gluten sans lait au vitaliseur\"},{\"@type\":\"BreadcrumbList\",\"@id\":\"https:\/\/www.quinoaetbasmati.fr\/index.php\/2020\/01\/26\/fondant-aux-poires-et-a-lamande-super-moelleux-cuit-a-la-vapeur-douce-sans-glutensans-lait\/#breadcrumb\",\"itemListElement\":[{\"@type\":\"ListItem\",\"position\":1,\"name\":\"Accueil\",\"item\":\"https:\/\/www.quinoaetbasmati.fr\/\"},{\"@type\":\"ListItem\",\"position\":2,\"name\":\"Fondant aux poires et \u00e0 l&#8217;amande super moelleux cuit \u00e0 la vapeur douce- sans gluten,sans lait\"}]},{\"@type\":\"WebSite\",\"@id\":\"https:\/\/www.quinoaetbasmati.fr\/#website\",\"url\":\"https:\/\/www.quinoaetbasmati.fr\/\",\"name\":\"Quinoa et Basmati\",\"description\":\"Tambouilles saines et gourmandes\",\"publisher\":{\"@id\":\"https:\/\/www.quinoaetbasmati.fr\/#organization\"},\"potentialAction\":[{\"@type\":\"SearchAction\",\"target\":{\"@type\":\"EntryPoint\",\"urlTemplate\":\"https:\/\/www.quinoaetbasmati.fr\/?s={search_term_string}\"},\"query-input\":{\"@type\":\"PropertyValueSpecification\",\"valueRequired\":true,\"valueName\":\"search_term_string\"}}],\"inLanguage\":\"fr-FR\"},{\"@type\":\"Organization\",\"@id\":\"https:\/\/www.quinoaetbasmati.fr\/#organization\",\"name\":\"Quinoa et Basmati\",\"url\":\"https:\/\/www.quinoaetbasmati.fr\/\",\"logo\":{\"@type\":\"ImageObject\",\"inLanguage\":\"fr-FR\",\"@id\":\"https:\/\/www.quinoaetbasmati.fr\/#\/schema\/logo\/image\/\",\"url\":\"https:\/\/www.quinoaetbasmati.fr\/wp-content\/uploads\/2018\/01\/cropped-27604279_10156154691158069_1209813160_o-4.jpg\",\"contentUrl\":\"https:\/\/www.quinoaetbasmati.fr\/wp-content\/uploads\/2018\/01\/cropped-27604279_10156154691158069_1209813160_o-4.jpg\",\"width\":455,\"height\":175,\"caption\":\"Quinoa et Basmati\"},\"image\":{\"@id\":\"https:\/\/www.quinoaetbasmati.fr\/#\/schema\/logo\/image\/\"}},{\"@type\":\"Person\",\"@id\":\"https:\/\/www.quinoaetbasmati.fr\/#\/schema\/person\/21c75a6815a94cba09b349c791a05200\",\"name\":\"Sarra\",\"image\":{\"@type\":\"ImageObject\",\"inLanguage\":\"fr-FR\",\"@id\":\"https:\/\/www.quinoaetbasmati.fr\/#\/schema\/person\/image\/\",\"url\":\"https:\/\/secure.gravatar.com\/avatar\/c0b39ca0d8387dd6fa9f63e57d897929f78c0e468fae66ce7d91f34122a1c1d1?s=96&d=mm&r=g\",\"contentUrl\":\"https:\/\/secure.gravatar.com\/avatar\/c0b39ca0d8387dd6fa9f63e57d897929f78c0e468fae66ce7d91f34122a1c1d1?s=96&d=mm&r=g\",\"caption\":\"Sarra\"},\"url\":\"https:\/\/www.quinoaetbasmati.fr\/index.php\/author\/sarra\/\"}]}<\/script>\n<!-- \/ Yoast SEO plugin. -->","yoast_head_json":{"title":"Fondant aux poires et \u00e0 l'amande super moelleux cuit \u00e0 la vapeur douce- sans gluten,sans lait - Quinoa et Basmati","description":"Recette de moelleux aux poires et \u00e0 l'amande sans gluten sans lait cuit au vitaliseur de Marion","robots":{"index":"index","follow":"follow","max-snippet":"max-snippet:-1","max-image-preview":"max-image-preview:large","max-video-preview":"max-video-preview:-1"},"canonical":"https:\/\/www.quinoaetbasmati.fr\/index.php\/2020\/01\/26\/fondant-aux-poires-et-a-lamande-super-moelleux-cuit-a-la-vapeur-douce-sans-glutensans-lait\/","og_locale":"fr_FR","og_type":"article","og_title":"Fondant aux poires et \u00e0 l'amande super moelleux cuit \u00e0 la vapeur douce- sans gluten,sans lait - Quinoa et Basmati","og_description":"Recette de moelleux aux poires et \u00e0 l'amande sans gluten sans lait cuit au vitaliseur de Marion","og_url":"https:\/\/www.quinoaetbasmati.fr\/index.php\/2020\/01\/26\/fondant-aux-poires-et-a-lamande-super-moelleux-cuit-a-la-vapeur-douce-sans-glutensans-lait\/","og_site_name":"Quinoa et Basmati","article_published_time":"2020-01-26T06:47:37+00:00","og_image":[{"width":2560,"height":1821,"url":"https:\/\/www.quinoaetbasmati.fr\/wp-content\/uploads\/2020\/01\/g\u00e2teau-scaled.jpg","type":"image\/jpeg"}],"author":"Sarra","twitter_card":"summary_large_image","twitter_misc":{"\u00c9crit par":"Sarra","Dur\u00e9e de lecture estim\u00e9e":"2 minutes"},"schema":{"@context":"https:\/\/schema.org","@graph":[{"@type":"Article","@id":"https:\/\/www.quinoaetbasmati.fr\/index.php\/2020\/01\/26\/fondant-aux-poires-et-a-lamande-super-moelleux-cuit-a-la-vapeur-douce-sans-glutensans-lait\/#article","isPartOf":{"@id":"https:\/\/www.quinoaetbasmati.fr\/index.php\/2020\/01\/26\/fondant-aux-poires-et-a-lamande-super-moelleux-cuit-a-la-vapeur-douce-sans-glutensans-lait\/"},"author":{"name":"Sarra","@id":"https:\/\/www.quinoaetbasmati.fr\/#\/schema\/person\/21c75a6815a94cba09b349c791a05200"},"headline":"Fondant aux poires et \u00e0 l&rsquo;amande super moelleux cuit \u00e0 la vapeur douce- sans gluten,sans lait","datePublished":"2020-01-26T06:47:37+00:00","mainEntityOfPage":{"@id":"https:\/\/www.quinoaetbasmati.fr\/index.php\/2020\/01\/26\/fondant-aux-poires-et-a-lamande-super-moelleux-cuit-a-la-vapeur-douce-sans-glutensans-lait\/"},"wordCount":338,"commentCount":5,"publisher":{"@id":"https:\/\/www.quinoaetbasmati.fr\/#organization"},"image":{"@id":"https:\/\/www.quinoaetbasmati.fr\/index.php\/2020\/01\/26\/fondant-aux-poires-et-a-lamande-super-moelleux-cuit-a-la-vapeur-douce-sans-glutensans-lait\/#primaryimage"},"thumbnailUrl":"https:\/\/www.quinoaetbasmati.fr\/wp-content\/uploads\/2020\/01\/g\u00e2teau-scaled.jpg","keywords":["amande","amandeam\u00e8re","fruit","gateau","go\u00fbter","poire","poudredamande","sansgluten","sanslait","vapeurdouce","vitaliseur"],"articleSection":["Coin sucr\u00e9","G\u00e2teaux, cakes et brownies","Vapeur douce"],"inLanguage":"fr-FR","potentialAction":[{"@type":"CommentAction","name":"Comment","target":["https:\/\/www.quinoaetbasmati.fr\/index.php\/2020\/01\/26\/fondant-aux-poires-et-a-lamande-super-moelleux-cuit-a-la-vapeur-douce-sans-glutensans-lait\/#respond"]}]},{"@type":"WebPage","@id":"https:\/\/www.quinoaetbasmati.fr\/index.php\/2020\/01\/26\/fondant-aux-poires-et-a-lamande-super-moelleux-cuit-a-la-vapeur-douce-sans-glutensans-lait\/","url":"https:\/\/www.quinoaetbasmati.fr\/index.php\/2020\/01\/26\/fondant-aux-poires-et-a-lamande-super-moelleux-cuit-a-la-vapeur-douce-sans-glutensans-lait\/","name":"Fondant aux poires et \u00e0 l'amande super moelleux cuit \u00e0 la vapeur douce- sans gluten,sans lait - Quinoa et Basmati","isPartOf":{"@id":"https:\/\/www.quinoaetbasmati.fr\/#website"},"primaryImageOfPage":{"@id":"https:\/\/www.quinoaetbasmati.fr\/index.php\/2020\/01\/26\/fondant-aux-poires-et-a-lamande-super-moelleux-cuit-a-la-vapeur-douce-sans-glutensans-lait\/#primaryimage"},"image":{"@id":"https:\/\/www.quinoaetbasmati.fr\/index.php\/2020\/01\/26\/fondant-aux-poires-et-a-lamande-super-moelleux-cuit-a-la-vapeur-douce-sans-glutensans-lait\/#primaryimage"},"thumbnailUrl":"https:\/\/www.quinoaetbasmati.fr\/wp-content\/uploads\/2020\/01\/g\u00e2teau-scaled.jpg","datePublished":"2020-01-26T06:47:37+00:00","description":"Recette de moelleux aux poires et \u00e0 l'amande sans gluten sans lait cuit au vitaliseur de Marion","breadcrumb":{"@id":"https:\/\/www.quinoaetbasmati.fr\/index.php\/2020\/01\/26\/fondant-aux-poires-et-a-lamande-super-moelleux-cuit-a-la-vapeur-douce-sans-glutensans-lait\/#breadcrumb"},"inLanguage":"fr-FR","potentialAction":[{"@type":"ReadAction","target":["https:\/\/www.quinoaetbasmati.fr\/index.php\/2020\/01\/26\/fondant-aux-poires-et-a-lamande-super-moelleux-cuit-a-la-vapeur-douce-sans-glutensans-lait\/"]}]},{"@type":"ImageObject","inLanguage":"fr-FR","@id":"https:\/\/www.quinoaetbasmati.fr\/index.php\/2020\/01\/26\/fondant-aux-poires-et-a-lamande-super-moelleux-cuit-a-la-vapeur-douce-sans-glutensans-lait\/#primaryimage","url":"https:\/\/www.quinoaetbasmati.fr\/wp-content\/uploads\/2020\/01\/g\u00e2teau-scaled.jpg","contentUrl":"https:\/\/www.quinoaetbasmati.fr\/wp-content\/uploads\/2020\/01\/g\u00e2teau-scaled.jpg","width":2560,"height":1821,"caption":"moelleux poire amande sans gluten sans lait au vitaliseur"},{"@type":"BreadcrumbList","@id":"https:\/\/www.quinoaetbasmati.fr\/index.php\/2020\/01\/26\/fondant-aux-poires-et-a-lamande-super-moelleux-cuit-a-la-vapeur-douce-sans-glutensans-lait\/#breadcrumb","itemListElement":[{"@type":"ListItem","position":1,"name":"Accueil","item":"https:\/\/www.quinoaetbasmati.fr\/"},{"@type":"ListItem","position":2,"name":"Fondant aux poires et \u00e0 l&#8217;amande super moelleux cuit \u00e0 la vapeur douce- sans gluten,sans lait"}]},{"@type":"WebSite","@id":"https:\/\/www.quinoaetbasmati.fr\/#website","url":"https:\/\/www.quinoaetbasmati.fr\/","name":"Quinoa et Basmati","description":"Tambouilles saines et gourmandes","publisher":{"@id":"https:\/\/www.quinoaetbasmati.fr\/#organization"},"potentialAction":[{"@type":"SearchAction","target":{"@type":"EntryPoint","urlTemplate":"https:\/\/www.quinoaetbasmati.fr\/?s={search_term_string}"},"query-input":{"@type":"PropertyValueSpecification","valueRequired":true,"valueName":"search_term_string"}}],"inLanguage":"fr-FR"},{"@type":"Organization","@id":"https:\/\/www.quinoaetbasmati.fr\/#organization","name":"Quinoa et Basmati","url":"https:\/\/www.quinoaetbasmati.fr\/","logo":{"@type":"ImageObject","inLanguage":"fr-FR","@id":"https:\/\/www.quinoaetbasmati.fr\/#\/schema\/logo\/image\/","url":"https:\/\/www.quinoaetbasmati.fr\/wp-content\/uploads\/2018\/01\/cropped-27604279_10156154691158069_1209813160_o-4.jpg","contentUrl":"https:\/\/www.quinoaetbasmati.fr\/wp-content\/uploads\/2018\/01\/cropped-27604279_10156154691158069_1209813160_o-4.jpg","width":455,"height":175,"caption":"Quinoa et Basmati"},"image":{"@id":"https:\/\/www.quinoaetbasmati.fr\/#\/schema\/logo\/image\/"}},{"@type":"Person","@id":"https:\/\/www.quinoaetbasmati.fr\/#\/schema\/person\/21c75a6815a94cba09b349c791a05200","name":"Sarra","image":{"@type":"ImageObject","inLanguage":"fr-FR","@id":"https:\/\/www.quinoaetbasmati.fr\/#\/schema\/person\/image\/","url":"https:\/\/secure.gravatar.com\/avatar\/c0b39ca0d8387dd6fa9f63e57d897929f78c0e468fae66ce7d91f34122a1c1d1?s=96&d=mm&r=g","contentUrl":"https:\/\/secure.gravatar.com\/avatar\/c0b39ca0d8387dd6fa9f63e57d897929f78c0e468fae66ce7d91f34122a1c1d1?s=96&d=mm&r=g","caption":"Sarra"},"url":"https:\/\/www.quinoaetbasmati.fr\/index.php\/author\/sarra\/"}]}},"_links":{"self":[{"href":"https:\/\/www.quinoaetbasmati.fr\/index.php\/wp-json\/wp\/v2\/posts\/5651","targetHints":{"allow":["GET"]}}],"collection":[{"href":"https:\/\/www.quinoaetbasmati.fr\/index.php\/wp-json\/wp\/v2\/posts"}],"about":[{"href":"https:\/\/www.quinoaetbasmati.fr\/index.php\/wp-json\/wp\/v2\/types\/post"}],"author":[{"embeddable":true,"href":"https:\/\/www.quinoaetbasmati.fr\/index.php\/wp-json\/wp\/v2\/users\/1"}],"replies":[{"embeddable":true,"href":"https:\/\/www.quinoaetbasmati.fr\/index.php\/wp-json\/wp\/v2\/comments?post=5651"}],"version-history":[{"count":5,"href":"https:\/\/www.quinoaetbasmati.fr\/index.php\/wp-json\/wp\/v2\/posts\/5651\/revisions"}],"predecessor-version":[{"id":5660,"href":"https:\/\/www.quinoaetbasmati.fr\/index.php\/wp-json\/wp\/v2\/posts\/5651\/revisions\/5660"}],"wp:featuredmedia":[{"embeddable":true,"href":"https:\/\/www.quinoaetbasmati.fr\/index.php\/wp-json\/wp\/v2\/media\/5654"}],"wp:attachment":[{"href":"https:\/\/www.quinoaetbasmati.fr\/index.php\/wp-json\/wp\/v2\/media?parent=5651"}],"wp:term":[{"taxonomy":"category","embeddable":true,"href":"https:\/\/www.quinoaetbasmati.fr\/index.php\/wp-json\/wp\/v2\/categories?post=5651"},{"taxonomy":"post_tag","embeddable":true,"href":"https:\/\/www.quinoaetbasmati.fr\/index.php\/wp-json\/wp\/v2\/tags?post=5651"}],"curies":[{"name":"wp","href":"https:\/\/api.w.org\/{rel}","templated":true}]}}