{"id":5968,"date":"2020-03-29T08:36:34","date_gmt":"2020-03-29T06:36:34","guid":{"rendered":"https:\/\/www.quinoaetbasmati.fr\/?p=5968"},"modified":"2020-03-29T08:44:57","modified_gmt":"2020-03-29T06:44:57","slug":"banana-bread-a-lamande-sans-gluten-sans-lait","status":"publish","type":"post","link":"https:\/\/www.quinoaetbasmati.fr\/index.php\/2020\/03\/29\/banana-bread-a-lamande-sans-gluten-sans-lait\/","title":{"rendered":"Banana bread \u00e0 l&rsquo;amande- sans gluten, sans lait"},"content":{"rendered":"<p><span style=\"font-size: 12pt; font-family: 'times new roman', times, serif;\">Quoi, encore de la <strong>banane<\/strong>?<\/span><\/p>\n<h1><span style=\"font-size: 12pt; font-family: 'times new roman', times, serif;\">Une fois que vous aurez go\u00fbt\u00e9 \u00e0 ce <strong>banana bread \u00e0 l&rsquo;amande<\/strong>, vous comprendrez pourquoi!<\/span><\/h1>\n<p><span style=\"font-size: 12pt; font-family: 'times new roman', times, serif;\">Je n&rsquo;en suis pas \u00e0 mon premier<strong> banana bread<\/strong>, il y en a d\u00e9j\u00e0 un petit nombre de recettes par ici: <a href=\"https:\/\/www.quinoaetbasmati.fr\/index.php\/2017\/07\/21\/banana-bread-aux-graines-de-lin-et-a-la-poudre-damande\/\">aux graines de lin<\/a>, \u00e0 la <a href=\"https:\/\/www.quinoaetbasmati.fr\/index.php\/2018\/10\/08\/petit-dej-du-lundi-banana-bread-a-la-farine-de-sorgho-et-aux-pepites-de-chocolat\/\">farine de sorgho<\/a>, <a href=\"https:\/\/www.quinoaetbasmati.fr\/index.php\/2018\/08\/31\/banana-bread-au-sarrasin\/\">au sarrasin<\/a>, et m\u00eame en <a href=\"https:\/\/www.quinoaetbasmati.fr\/index.php\/2020\/03\/23\/minis-banana-bread-au-cacao-sans-gluten-sans-lait\/\">version mini au cacao<\/a>!<\/span><\/p>\n<p><span style=\"font-size: 12pt; font-family: 'times new roman', times, serif;\">J&rsquo;ai r\u00e9cemment d\u00e9couvert la<a href=\"https:\/\/www.quinoaetbasmati.fr\/index.php\/2020\/03\/26\/minis-cakes-a-la-farine-damande-sans-gluten-vegan\/\"> farine d&rsquo;amande<\/a> et j&rsquo;ai eu envie de l&rsquo;inclure dans une nouvelle tambouille: un <strong>banana bread moelleux comme tout, parfait pour un petit d\u00e9j&rsquo; ou un go\u00fbter gourmand&#8230;<\/strong><\/span><\/p>\n<p>&nbsp;<\/p>\n<p style=\"text-align: center;\"><span style=\"font-size: 12pt; font-family: 'times new roman', times, serif;\"><strong>Ingr\u00e9dients<\/strong><\/span><\/p>\n<p>&nbsp;<\/p>\n<ul>\n<li><span style=\"font-size: 12pt; font-family: 'times new roman', times, serif;\">2 bananes bien m\u00fbres (200 gr)<\/span><\/li>\n<li><span style=\"font-size: 12pt; font-family: 'times new roman', times, serif;\">130 gr de farine de riz complet<\/span><\/li>\n<li><span style=\"font-size: 12pt; font-family: 'times new roman', times, serif;\">50 gr de farine d&rsquo;amande (ou de poudre d&rsquo;amande)<\/span><\/li>\n<li><span style=\"font-size: 12pt; font-family: 'times new roman', times, serif;\">30 gr de beurre v\u00e9g\u00e9tal<\/span><\/li>\n<li><span style=\"font-size: 12pt; font-family: 'times new roman', times, serif;\">2 \u0153ufs<\/span><\/li>\n<li><span style=\"font-size: 12pt; font-family: 'times new roman', times, serif;\">1 sachet de poudre \u00e0 lever sans gluten<\/span><\/li>\n<li><span style=\"font-size: 12pt; font-family: 'times new roman', times, serif;\">1 cuill\u00e8re \u00e0 caf\u00e9 d&rsquo;extrait de vanille<\/span><\/li>\n<li><span style=\"font-size: 12pt; font-family: 'times new roman', times, serif;\">50 ml de lait d&rsquo;amande sans sucres ajout\u00e9s (adaptez la quantit\u00e9 si vous utilisez de la poudre d&rsquo;amande)<\/span><\/li>\n<\/ul>\n<p>&nbsp;<\/p>\n<p style=\"text-align: center;\"><span style=\"font-size: 12pt; font-family: 'times new roman', times, serif;\"><strong>Tambouille<\/strong><\/span><\/p>\n<p>&nbsp;<\/p>\n<p><span style=\"font-size: 12pt; font-family: 'times new roman', times, serif;\"><strong>\u00c9crasez<\/strong> les bananes \u00e0 l&rsquo;aide d&rsquo;une fourchette<\/span><\/p>\n<p><span style=\"font-size: 12pt; font-family: 'times new roman', times, serif;\"><strong>Ajoutez<\/strong> les \u0153ufs, <strong>m\u00e9langez<\/strong><\/span><\/p>\n<p><span style=\"font-size: 12pt; font-family: 'times new roman', times, serif;\"><strong>Ajoutez<\/strong> les ingr\u00e9dients secs,<strong> m\u00e9langez<\/strong><\/span><\/p>\n<p><span style=\"font-size: 12pt; font-family: 'times new roman', times, serif;\"><strong>Ajoutez<\/strong> le beurre v\u00e9g\u00e9tal et l&rsquo;extrait de vanille, <strong>m\u00e9langez<\/strong><\/span><\/p>\n<p><span style=\"font-size: 12pt; font-family: 'times new roman', times, serif;\"><strong>Versez<\/strong> progressivement le lait en m\u00e9langeant<\/span><\/p>\n<p><span style=\"font-size: 12pt; font-family: 'times new roman', times, serif;\"><strong>Versez<\/strong> la pr\u00e9paration dans un moule \u00e0 cake<\/span><\/p>\n<p><span style=\"font-size: 12pt; font-family: 'times new roman', times, serif;\"><strong>Faites cuire<\/strong> 40 minutes \u00e0 180\u00b0<\/span><\/p>\n<p style=\"text-align: center;\"><span style=\"font-size: 12pt; font-family: 'times new roman', times, serif;\"><strong>R\u00e9galez-vous!<\/strong><\/span><\/p>\n<p><img fetchpriority=\"high\" decoding=\"async\" class=\"aligncenter wp-image-5996 size-large\" src=\"https:\/\/www.quinoaetbasmati.fr\/wp-content\/uploads\/2020\/03\/banana3-1024x738.jpg\" alt=\"\" width=\"1024\" height=\"738\" srcset=\"https:\/\/www.quinoaetbasmati.fr\/wp-content\/uploads\/2020\/03\/banana3-1024x738.jpg 1024w, https:\/\/www.quinoaetbasmati.fr\/wp-content\/uploads\/2020\/03\/banana3-scaled-600x432.jpg 600w, https:\/\/www.quinoaetbasmati.fr\/wp-content\/uploads\/2020\/03\/banana3-scaled-300x216.jpg 300w, https:\/\/www.quinoaetbasmati.fr\/wp-content\/uploads\/2020\/03\/banana3-768x553.jpg 768w, https:\/\/www.quinoaetbasmati.fr\/wp-content\/uploads\/2020\/03\/banana3-1536x1106.jpg 1536w, https:\/\/www.quinoaetbasmati.fr\/wp-content\/uploads\/2020\/03\/banana3-2048x1475.jpg 2048w\" sizes=\"(max-width: 1024px) 100vw, 1024px\" \/><\/p>\n<p><span style=\"font-size: 12pt; font-family: 'times new roman', times, serif;\"><em>Conseil d\u00e9gustation: J&rsquo;adore tartiner de belles tranches de banana bread avec des pur\u00e9es d&rsquo;ol\u00e9agineux, du miel, du beurre de pomme, du caramel de dattes, de la p\u00e2te \u00e0 tartiner au chocolat noir&#8230;pour le rendre encore plus gourmand!<\/em><\/span><\/p>\n<p><span style=\"font-size: 12pt; font-family: 'times new roman', times, serif;\"><em>P.S: Plus on a de recettes de bananas plus on rit, alors filez d\u00e9couvrir celle du blog<a href=\"https:\/\/www.recetteslegeresdeplume.fr\/recettes\/sans-gluten\/banana-bread-choco\/\"> les recettes l\u00e9g\u00e8res de plume<\/a>!<\/em><\/span><\/p>\n<p><span style=\"font-size: 12pt; font-family: 'times new roman', times, serif;\"><em>P.S2: Utilisez #lesrecettesdequinoa sur instagram pour tagguer cette recette et les autres, j&rsquo;adore d\u00e9couvrir vos r\u00e9alisations!<\/em><\/span><\/p>\n","protected":false},"excerpt":{"rendered":"<p>Quoi, encore de la banane? Une fois que vous aurez go\u00fbt\u00e9 \u00e0 ce banana bread \u00e0 l&rsquo;amande, vous comprendrez pourquoi! Je n&rsquo;en suis pas \u00e0 mon premier banana bread, il y en a d\u00e9j\u00e0 un petit nombre de recettes par ici: aux graines de lin, [&hellip;]<\/p>\n","protected":false},"author":1,"featured_media":5971,"comment_status":"open","ping_status":"open","sticky":false,"template":"","format":"standard","meta":{"footnotes":""},"categories":[910,540],"tags":[14,585,1852,1762,413,158,1291,19,15,59,21],"class_list":["post-5968","post","type-post","status-publish","format-standard","has-post-thumbnail","hentry","category-coin-sucre","category-gateaux-cakes-et-brownies","tag-bananabread","tag-banane","tag-farinedamande","tag-farinederizcomplet","tag-gateau","tag-gouter","tag-laitdamande","tag-petitdejeuner","tag-sansgluten","tag-sanslait","tag-sanssucresajoutes"],"yoast_head":"<!-- This site is optimized with the Yoast SEO plugin v24.4 - https:\/\/yoast.com\/wordpress\/plugins\/seo\/ -->\n<title>Banana bread \u00e0 l&#039;amande- sans gluten, sans lait - Quinoa et Basmati<\/title>\n<meta name=\"description\" content=\"Recette de banana bread \u00e0 la farine d&#039;amande sans gluten et sans lait\" \/>\n<meta name=\"robots\" content=\"index, follow, max-snippet:-1, max-image-preview:large, max-video-preview:-1\" \/>\n<link rel=\"canonical\" href=\"https:\/\/www.quinoaetbasmati.fr\/index.php\/2020\/03\/29\/banana-bread-a-lamande-sans-gluten-sans-lait\/\" \/>\n<meta property=\"og:locale\" content=\"fr_FR\" \/>\n<meta property=\"og:type\" content=\"article\" \/>\n<meta property=\"og:title\" content=\"Banana bread \u00e0 l&#039;amande- sans gluten, sans lait - Quinoa et Basmati\" \/>\n<meta property=\"og:description\" content=\"Recette de banana bread \u00e0 la farine d&#039;amande sans gluten et sans lait\" \/>\n<meta property=\"og:url\" content=\"https:\/\/www.quinoaetbasmati.fr\/index.php\/2020\/03\/29\/banana-bread-a-lamande-sans-gluten-sans-lait\/\" \/>\n<meta property=\"og:site_name\" content=\"Quinoa et Basmati\" \/>\n<meta property=\"article:published_time\" content=\"2020-03-29T06:36:34+00:00\" \/>\n<meta property=\"article:modified_time\" content=\"2020-03-29T06:44:57+00:00\" \/>\n<meta property=\"og:image\" content=\"https:\/\/www.quinoaetbasmati.fr\/wp-content\/uploads\/2020\/03\/banana-bread-amandebis-scaled.jpg\" \/>\n\t<meta property=\"og:image:width\" content=\"2560\" \/>\n\t<meta property=\"og:image:height\" content=\"1868\" \/>\n\t<meta property=\"og:image:type\" content=\"image\/jpeg\" \/>\n<meta name=\"author\" content=\"Sarra\" \/>\n<meta name=\"twitter:card\" content=\"summary_large_image\" \/>\n<meta name=\"twitter:label1\" content=\"\u00c9crit par\" \/>\n\t<meta name=\"twitter:data1\" content=\"Sarra\" \/>\n\t<meta name=\"twitter:label2\" content=\"Dur\u00e9e de lecture estim\u00e9e\" \/>\n\t<meta name=\"twitter:data2\" content=\"1 minute\" \/>\n<script type=\"application\/ld+json\" class=\"yoast-schema-graph\">{\"@context\":\"https:\/\/schema.org\",\"@graph\":[{\"@type\":\"Article\",\"@id\":\"https:\/\/www.quinoaetbasmati.fr\/index.php\/2020\/03\/29\/banana-bread-a-lamande-sans-gluten-sans-lait\/#article\",\"isPartOf\":{\"@id\":\"https:\/\/www.quinoaetbasmati.fr\/index.php\/2020\/03\/29\/banana-bread-a-lamande-sans-gluten-sans-lait\/\"},\"author\":{\"name\":\"Sarra\",\"@id\":\"https:\/\/www.quinoaetbasmati.fr\/#\/schema\/person\/21c75a6815a94cba09b349c791a05200\"},\"headline\":\"Banana bread \u00e0 l&rsquo;amande- sans gluten, sans lait\",\"datePublished\":\"2020-03-29T06:36:34+00:00\",\"dateModified\":\"2020-03-29T06:44:57+00:00\",\"mainEntityOfPage\":{\"@id\":\"https:\/\/www.quinoaetbasmati.fr\/index.php\/2020\/03\/29\/banana-bread-a-lamande-sans-gluten-sans-lait\/\"},\"wordCount\":299,\"commentCount\":22,\"publisher\":{\"@id\":\"https:\/\/www.quinoaetbasmati.fr\/#organization\"},\"image\":{\"@id\":\"https:\/\/www.quinoaetbasmati.fr\/index.php\/2020\/03\/29\/banana-bread-a-lamande-sans-gluten-sans-lait\/#primaryimage\"},\"thumbnailUrl\":\"https:\/\/www.quinoaetbasmati.fr\/wp-content\/uploads\/2020\/03\/banana-bread-amandebis-scaled.jpg\",\"keywords\":[\"bananabread\",\"banane\",\"farinedamande\",\"farinederizcomplet\",\"gateau\",\"go\u00fbter\",\"laitdamande\",\"petitd\u00e9jeuner\",\"sansgluten\",\"sanslait\",\"sanssucresajout\u00e9s\"],\"articleSection\":[\"Coin sucr\u00e9\",\"G\u00e2teaux, cakes et brownies\"],\"inLanguage\":\"fr-FR\",\"potentialAction\":[{\"@type\":\"CommentAction\",\"name\":\"Comment\",\"target\":[\"https:\/\/www.quinoaetbasmati.fr\/index.php\/2020\/03\/29\/banana-bread-a-lamande-sans-gluten-sans-lait\/#respond\"]}]},{\"@type\":\"WebPage\",\"@id\":\"https:\/\/www.quinoaetbasmati.fr\/index.php\/2020\/03\/29\/banana-bread-a-lamande-sans-gluten-sans-lait\/\",\"url\":\"https:\/\/www.quinoaetbasmati.fr\/index.php\/2020\/03\/29\/banana-bread-a-lamande-sans-gluten-sans-lait\/\",\"name\":\"Banana bread \u00e0 l'amande- sans gluten, sans lait - Quinoa et Basmati\",\"isPartOf\":{\"@id\":\"https:\/\/www.quinoaetbasmati.fr\/#website\"},\"primaryImageOfPage\":{\"@id\":\"https:\/\/www.quinoaetbasmati.fr\/index.php\/2020\/03\/29\/banana-bread-a-lamande-sans-gluten-sans-lait\/#primaryimage\"},\"image\":{\"@id\":\"https:\/\/www.quinoaetbasmati.fr\/index.php\/2020\/03\/29\/banana-bread-a-lamande-sans-gluten-sans-lait\/#primaryimage\"},\"thumbnailUrl\":\"https:\/\/www.quinoaetbasmati.fr\/wp-content\/uploads\/2020\/03\/banana-bread-amandebis-scaled.jpg\",\"datePublished\":\"2020-03-29T06:36:34+00:00\",\"dateModified\":\"2020-03-29T06:44:57+00:00\",\"description\":\"Recette de banana bread \u00e0 la farine d'amande sans gluten et sans lait\",\"breadcrumb\":{\"@id\":\"https:\/\/www.quinoaetbasmati.fr\/index.php\/2020\/03\/29\/banana-bread-a-lamande-sans-gluten-sans-lait\/#breadcrumb\"},\"inLanguage\":\"fr-FR\",\"potentialAction\":[{\"@type\":\"ReadAction\",\"target\":[\"https:\/\/www.quinoaetbasmati.fr\/index.php\/2020\/03\/29\/banana-bread-a-lamande-sans-gluten-sans-lait\/\"]}]},{\"@type\":\"ImageObject\",\"inLanguage\":\"fr-FR\",\"@id\":\"https:\/\/www.quinoaetbasmati.fr\/index.php\/2020\/03\/29\/banana-bread-a-lamande-sans-gluten-sans-lait\/#primaryimage\",\"url\":\"https:\/\/www.quinoaetbasmati.fr\/wp-content\/uploads\/2020\/03\/banana-bread-amandebis-scaled.jpg\",\"contentUrl\":\"https:\/\/www.quinoaetbasmati.fr\/wp-content\/uploads\/2020\/03\/banana-bread-amandebis-scaled.jpg\",\"width\":2560,\"height\":1868,\"caption\":\"banana bread \u00e0 la farine d'amande\"},{\"@type\":\"BreadcrumbList\",\"@id\":\"https:\/\/www.quinoaetbasmati.fr\/index.php\/2020\/03\/29\/banana-bread-a-lamande-sans-gluten-sans-lait\/#breadcrumb\",\"itemListElement\":[{\"@type\":\"ListItem\",\"position\":1,\"name\":\"Accueil\",\"item\":\"https:\/\/www.quinoaetbasmati.fr\/\"},{\"@type\":\"ListItem\",\"position\":2,\"name\":\"Banana bread \u00e0 l&#8217;amande- sans gluten, sans lait\"}]},{\"@type\":\"WebSite\",\"@id\":\"https:\/\/www.quinoaetbasmati.fr\/#website\",\"url\":\"https:\/\/www.quinoaetbasmati.fr\/\",\"name\":\"Quinoa et Basmati\",\"description\":\"Tambouilles saines et gourmandes\",\"publisher\":{\"@id\":\"https:\/\/www.quinoaetbasmati.fr\/#organization\"},\"potentialAction\":[{\"@type\":\"SearchAction\",\"target\":{\"@type\":\"EntryPoint\",\"urlTemplate\":\"https:\/\/www.quinoaetbasmati.fr\/?s={search_term_string}\"},\"query-input\":{\"@type\":\"PropertyValueSpecification\",\"valueRequired\":true,\"valueName\":\"search_term_string\"}}],\"inLanguage\":\"fr-FR\"},{\"@type\":\"Organization\",\"@id\":\"https:\/\/www.quinoaetbasmati.fr\/#organization\",\"name\":\"Quinoa et Basmati\",\"url\":\"https:\/\/www.quinoaetbasmati.fr\/\",\"logo\":{\"@type\":\"ImageObject\",\"inLanguage\":\"fr-FR\",\"@id\":\"https:\/\/www.quinoaetbasmati.fr\/#\/schema\/logo\/image\/\",\"url\":\"https:\/\/www.quinoaetbasmati.fr\/wp-content\/uploads\/2018\/01\/cropped-27604279_10156154691158069_1209813160_o-4.jpg\",\"contentUrl\":\"https:\/\/www.quinoaetbasmati.fr\/wp-content\/uploads\/2018\/01\/cropped-27604279_10156154691158069_1209813160_o-4.jpg\",\"width\":455,\"height\":175,\"caption\":\"Quinoa et Basmati\"},\"image\":{\"@id\":\"https:\/\/www.quinoaetbasmati.fr\/#\/schema\/logo\/image\/\"}},{\"@type\":\"Person\",\"@id\":\"https:\/\/www.quinoaetbasmati.fr\/#\/schema\/person\/21c75a6815a94cba09b349c791a05200\",\"name\":\"Sarra\",\"image\":{\"@type\":\"ImageObject\",\"inLanguage\":\"fr-FR\",\"@id\":\"https:\/\/www.quinoaetbasmati.fr\/#\/schema\/person\/image\/\",\"url\":\"https:\/\/secure.gravatar.com\/avatar\/c0b39ca0d8387dd6fa9f63e57d897929f78c0e468fae66ce7d91f34122a1c1d1?s=96&d=mm&r=g\",\"contentUrl\":\"https:\/\/secure.gravatar.com\/avatar\/c0b39ca0d8387dd6fa9f63e57d897929f78c0e468fae66ce7d91f34122a1c1d1?s=96&d=mm&r=g\",\"caption\":\"Sarra\"},\"url\":\"https:\/\/www.quinoaetbasmati.fr\/index.php\/author\/sarra\/\"}]}<\/script>\n<!-- \/ Yoast SEO plugin. -->","yoast_head_json":{"title":"Banana bread \u00e0 l'amande- sans gluten, sans lait - Quinoa et Basmati","description":"Recette de banana bread \u00e0 la farine d'amande sans gluten et sans lait","robots":{"index":"index","follow":"follow","max-snippet":"max-snippet:-1","max-image-preview":"max-image-preview:large","max-video-preview":"max-video-preview:-1"},"canonical":"https:\/\/www.quinoaetbasmati.fr\/index.php\/2020\/03\/29\/banana-bread-a-lamande-sans-gluten-sans-lait\/","og_locale":"fr_FR","og_type":"article","og_title":"Banana bread \u00e0 l'amande- sans gluten, sans lait - Quinoa et Basmati","og_description":"Recette de banana bread \u00e0 la farine d'amande sans gluten et sans lait","og_url":"https:\/\/www.quinoaetbasmati.fr\/index.php\/2020\/03\/29\/banana-bread-a-lamande-sans-gluten-sans-lait\/","og_site_name":"Quinoa et Basmati","article_published_time":"2020-03-29T06:36:34+00:00","article_modified_time":"2020-03-29T06:44:57+00:00","og_image":[{"width":2560,"height":1868,"url":"https:\/\/www.quinoaetbasmati.fr\/wp-content\/uploads\/2020\/03\/banana-bread-amandebis-scaled.jpg","type":"image\/jpeg"}],"author":"Sarra","twitter_card":"summary_large_image","twitter_misc":{"\u00c9crit par":"Sarra","Dur\u00e9e de lecture estim\u00e9e":"1 minute"},"schema":{"@context":"https:\/\/schema.org","@graph":[{"@type":"Article","@id":"https:\/\/www.quinoaetbasmati.fr\/index.php\/2020\/03\/29\/banana-bread-a-lamande-sans-gluten-sans-lait\/#article","isPartOf":{"@id":"https:\/\/www.quinoaetbasmati.fr\/index.php\/2020\/03\/29\/banana-bread-a-lamande-sans-gluten-sans-lait\/"},"author":{"name":"Sarra","@id":"https:\/\/www.quinoaetbasmati.fr\/#\/schema\/person\/21c75a6815a94cba09b349c791a05200"},"headline":"Banana bread \u00e0 l&rsquo;amande- sans gluten, sans lait","datePublished":"2020-03-29T06:36:34+00:00","dateModified":"2020-03-29T06:44:57+00:00","mainEntityOfPage":{"@id":"https:\/\/www.quinoaetbasmati.fr\/index.php\/2020\/03\/29\/banana-bread-a-lamande-sans-gluten-sans-lait\/"},"wordCount":299,"commentCount":22,"publisher":{"@id":"https:\/\/www.quinoaetbasmati.fr\/#organization"},"image":{"@id":"https:\/\/www.quinoaetbasmati.fr\/index.php\/2020\/03\/29\/banana-bread-a-lamande-sans-gluten-sans-lait\/#primaryimage"},"thumbnailUrl":"https:\/\/www.quinoaetbasmati.fr\/wp-content\/uploads\/2020\/03\/banana-bread-amandebis-scaled.jpg","keywords":["bananabread","banane","farinedamande","farinederizcomplet","gateau","go\u00fbter","laitdamande","petitd\u00e9jeuner","sansgluten","sanslait","sanssucresajout\u00e9s"],"articleSection":["Coin sucr\u00e9","G\u00e2teaux, cakes et brownies"],"inLanguage":"fr-FR","potentialAction":[{"@type":"CommentAction","name":"Comment","target":["https:\/\/www.quinoaetbasmati.fr\/index.php\/2020\/03\/29\/banana-bread-a-lamande-sans-gluten-sans-lait\/#respond"]}]},{"@type":"WebPage","@id":"https:\/\/www.quinoaetbasmati.fr\/index.php\/2020\/03\/29\/banana-bread-a-lamande-sans-gluten-sans-lait\/","url":"https:\/\/www.quinoaetbasmati.fr\/index.php\/2020\/03\/29\/banana-bread-a-lamande-sans-gluten-sans-lait\/","name":"Banana bread \u00e0 l'amande- sans gluten, sans lait - Quinoa et Basmati","isPartOf":{"@id":"https:\/\/www.quinoaetbasmati.fr\/#website"},"primaryImageOfPage":{"@id":"https:\/\/www.quinoaetbasmati.fr\/index.php\/2020\/03\/29\/banana-bread-a-lamande-sans-gluten-sans-lait\/#primaryimage"},"image":{"@id":"https:\/\/www.quinoaetbasmati.fr\/index.php\/2020\/03\/29\/banana-bread-a-lamande-sans-gluten-sans-lait\/#primaryimage"},"thumbnailUrl":"https:\/\/www.quinoaetbasmati.fr\/wp-content\/uploads\/2020\/03\/banana-bread-amandebis-scaled.jpg","datePublished":"2020-03-29T06:36:34+00:00","dateModified":"2020-03-29T06:44:57+00:00","description":"Recette de banana bread \u00e0 la farine d'amande sans gluten et sans lait","breadcrumb":{"@id":"https:\/\/www.quinoaetbasmati.fr\/index.php\/2020\/03\/29\/banana-bread-a-lamande-sans-gluten-sans-lait\/#breadcrumb"},"inLanguage":"fr-FR","potentialAction":[{"@type":"ReadAction","target":["https:\/\/www.quinoaetbasmati.fr\/index.php\/2020\/03\/29\/banana-bread-a-lamande-sans-gluten-sans-lait\/"]}]},{"@type":"ImageObject","inLanguage":"fr-FR","@id":"https:\/\/www.quinoaetbasmati.fr\/index.php\/2020\/03\/29\/banana-bread-a-lamande-sans-gluten-sans-lait\/#primaryimage","url":"https:\/\/www.quinoaetbasmati.fr\/wp-content\/uploads\/2020\/03\/banana-bread-amandebis-scaled.jpg","contentUrl":"https:\/\/www.quinoaetbasmati.fr\/wp-content\/uploads\/2020\/03\/banana-bread-amandebis-scaled.jpg","width":2560,"height":1868,"caption":"banana bread \u00e0 la farine d'amande"},{"@type":"BreadcrumbList","@id":"https:\/\/www.quinoaetbasmati.fr\/index.php\/2020\/03\/29\/banana-bread-a-lamande-sans-gluten-sans-lait\/#breadcrumb","itemListElement":[{"@type":"ListItem","position":1,"name":"Accueil","item":"https:\/\/www.quinoaetbasmati.fr\/"},{"@type":"ListItem","position":2,"name":"Banana bread \u00e0 l&#8217;amande- sans gluten, sans lait"}]},{"@type":"WebSite","@id":"https:\/\/www.quinoaetbasmati.fr\/#website","url":"https:\/\/www.quinoaetbasmati.fr\/","name":"Quinoa et Basmati","description":"Tambouilles saines et gourmandes","publisher":{"@id":"https:\/\/www.quinoaetbasmati.fr\/#organization"},"potentialAction":[{"@type":"SearchAction","target":{"@type":"EntryPoint","urlTemplate":"https:\/\/www.quinoaetbasmati.fr\/?s={search_term_string}"},"query-input":{"@type":"PropertyValueSpecification","valueRequired":true,"valueName":"search_term_string"}}],"inLanguage":"fr-FR"},{"@type":"Organization","@id":"https:\/\/www.quinoaetbasmati.fr\/#organization","name":"Quinoa et Basmati","url":"https:\/\/www.quinoaetbasmati.fr\/","logo":{"@type":"ImageObject","inLanguage":"fr-FR","@id":"https:\/\/www.quinoaetbasmati.fr\/#\/schema\/logo\/image\/","url":"https:\/\/www.quinoaetbasmati.fr\/wp-content\/uploads\/2018\/01\/cropped-27604279_10156154691158069_1209813160_o-4.jpg","contentUrl":"https:\/\/www.quinoaetbasmati.fr\/wp-content\/uploads\/2018\/01\/cropped-27604279_10156154691158069_1209813160_o-4.jpg","width":455,"height":175,"caption":"Quinoa et Basmati"},"image":{"@id":"https:\/\/www.quinoaetbasmati.fr\/#\/schema\/logo\/image\/"}},{"@type":"Person","@id":"https:\/\/www.quinoaetbasmati.fr\/#\/schema\/person\/21c75a6815a94cba09b349c791a05200","name":"Sarra","image":{"@type":"ImageObject","inLanguage":"fr-FR","@id":"https:\/\/www.quinoaetbasmati.fr\/#\/schema\/person\/image\/","url":"https:\/\/secure.gravatar.com\/avatar\/c0b39ca0d8387dd6fa9f63e57d897929f78c0e468fae66ce7d91f34122a1c1d1?s=96&d=mm&r=g","contentUrl":"https:\/\/secure.gravatar.com\/avatar\/c0b39ca0d8387dd6fa9f63e57d897929f78c0e468fae66ce7d91f34122a1c1d1?s=96&d=mm&r=g","caption":"Sarra"},"url":"https:\/\/www.quinoaetbasmati.fr\/index.php\/author\/sarra\/"}]}},"_links":{"self":[{"href":"https:\/\/www.quinoaetbasmati.fr\/index.php\/wp-json\/wp\/v2\/posts\/5968","targetHints":{"allow":["GET"]}}],"collection":[{"href":"https:\/\/www.quinoaetbasmati.fr\/index.php\/wp-json\/wp\/v2\/posts"}],"about":[{"href":"https:\/\/www.quinoaetbasmati.fr\/index.php\/wp-json\/wp\/v2\/types\/post"}],"author":[{"embeddable":true,"href":"https:\/\/www.quinoaetbasmati.fr\/index.php\/wp-json\/wp\/v2\/users\/1"}],"replies":[{"embeddable":true,"href":"https:\/\/www.quinoaetbasmati.fr\/index.php\/wp-json\/wp\/v2\/comments?post=5968"}],"version-history":[{"count":11,"href":"https:\/\/www.quinoaetbasmati.fr\/index.php\/wp-json\/wp\/v2\/posts\/5968\/revisions"}],"predecessor-version":[{"id":5998,"href":"https:\/\/www.quinoaetbasmati.fr\/index.php\/wp-json\/wp\/v2\/posts\/5968\/revisions\/5998"}],"wp:featuredmedia":[{"embeddable":true,"href":"https:\/\/www.quinoaetbasmati.fr\/index.php\/wp-json\/wp\/v2\/media\/5971"}],"wp:attachment":[{"href":"https:\/\/www.quinoaetbasmati.fr\/index.php\/wp-json\/wp\/v2\/media?parent=5968"}],"wp:term":[{"taxonomy":"category","embeddable":true,"href":"https:\/\/www.quinoaetbasmati.fr\/index.php\/wp-json\/wp\/v2\/categories?post=5968"},{"taxonomy":"post_tag","embeddable":true,"href":"https:\/\/www.quinoaetbasmati.fr\/index.php\/wp-json\/wp\/v2\/tags?post=5968"}],"curies":[{"name":"wp","href":"https:\/\/api.w.org\/{rel}","templated":true}]}}