{"id":6166,"date":"2020-04-27T07:07:43","date_gmt":"2020-04-27T05:07:43","guid":{"rendered":"https:\/\/www.quinoaetbasmati.fr\/?p=6166"},"modified":"2020-04-27T07:07:43","modified_gmt":"2020-04-27T05:07:43","slug":"galettes-de-patate-douce-sucrees-a-la-cannelle-sans-gluten-vegan","status":"publish","type":"post","link":"https:\/\/www.quinoaetbasmati.fr\/index.php\/2020\/04\/27\/galettes-de-patate-douce-sucrees-a-la-cannelle-sans-gluten-vegan\/","title":{"rendered":"Galettes de patate douce sucr\u00e9es \u00e0 la cannelle- sans gluten, vegan"},"content":{"rendered":"<p><span style=\"font-size: 12pt; font-family: 'times new roman', times, serif;\">Guest stars du brunch du dimanche: des<strong> galettes de patate douce sucr\u00e9es \u00e0 la cannelle<\/strong>.<\/span><\/p>\n<p><span style=\"font-size: 12pt; font-family: 'times new roman', times, serif;\">Sucr\u00e9es? oui oui!<\/span><\/p>\n<p><span style=\"font-size: 12pt; font-family: 'times new roman', times, serif;\">On ne la pr\u00e9sente plus dans les plats sal\u00e9s (<a href=\"https:\/\/www.quinoaetbasmati.fr\/index.php\/2018\/02\/27\/soupe-pour-grands-froids-brocoli-patate-douce\/\">soupes<\/a>,<a href=\"https:\/\/www.quinoaetbasmati.fr\/index.php\/2018\/04\/19\/gaufres-de-patate-douce-2-0\/\"> gaufres<\/a>,<a href=\"https:\/\/www.quinoaetbasmati.fr\/index.php\/2020\/01\/25\/frites-de-patate-douce-croustillantes\/\"> frites<\/a>, <a href=\"https:\/\/www.quinoaetbasmati.fr\/index.php\/2018\/12\/03\/puree-de-carottes-et-de-patate-douce\/\">pur\u00e9es<\/a>&#8230;) mais la patate douce fait aussi des merveilles dans les <strong>pr\u00e9parations sucr\u00e9es<\/strong>: il faut l&rsquo;inviter au moins une fois dans <a href=\"https:\/\/www.quinoaetbasmati.fr\/index.php\/2017\/11\/24\/brownie-a-la-patate-douce\/\">un g\u00e2teau<\/a> pour comprendre!<\/span><\/p>\n<p><span style=\"font-size: 12pt; font-family: 'times new roman', times, serif;\">Il me restait un peu de <strong>pur\u00e9e de patate douce<\/strong> au frigo, vestige d&rsquo;une d\u00e9licieuse pizza dont je vous partagerai tr\u00e8s prochainement le secret, et j&rsquo;ai eu envie d&rsquo;innover. <\/span><\/p>\n<p><span style=\"font-size: 12pt; font-family: 'times new roman', times, serif;\">Une ing\u00e9nieuse tambouille plus tard j&rsquo;obtenais des <strong>galettes moelleuses aux saveurs de miel et de cannelle<\/strong>&#8230;<\/span><\/p>\n<p><span style=\"font-size: 12pt; font-family: 'times new roman', times, serif;\">une nouvelle recette incontournable!<\/span><\/p>\n<p>&nbsp;<\/p>\n<p style=\"text-align: center;\"><span style=\"font-size: 12pt; font-family: 'times new roman', times, serif;\"><strong>Ingr\u00e9dients<\/strong><\/span><\/p>\n<p>&nbsp;<\/p>\n<p><span style=\"font-size: 12pt; font-family: 'times new roman', times, serif;\"><em>Pour 8 galettes<\/em><\/span><\/p>\n<ul>\n<li><span style=\"font-size: 12pt; font-family: 'times new roman', times, serif;\">180 gr de pur\u00e9e de patate douce<\/span><\/li>\n<li><span style=\"font-size: 12pt; font-family: 'times new roman', times, serif;\">40 gr de farine de riz complet<\/span><\/li>\n<li><span style=\"font-size: 12pt; font-family: 'times new roman', times, serif;\">40 gr de farine d&rsquo;amande ( ou 40 gr de farine de riz suppl\u00e9mentaire)<\/span><\/li>\n<li><span style=\"font-size: 12pt; font-family: 'times new roman', times, serif;\">1 cuill\u00e8re \u00e0 soupe de miel<\/span><\/li>\n<li><span style=\"font-size: 12pt; font-family: 'times new roman', times, serif;\">1 cuill\u00e8re \u00e0 caf\u00e9 de poudre \u00e0 lever sans gluten<\/span><\/li>\n<li><span style=\"font-size: 12pt; font-family: 'times new roman', times, serif;\">100 ml de lait v\u00e9g\u00e9tal<\/span><\/li>\n<li><span style=\"font-size: 12pt; font-family: 'times new roman', times, serif;\">1 cuill\u00e8re \u00e0 caf\u00e9 rase de cannelle<\/span><\/li>\n<\/ul>\n<p>&nbsp;<\/p>\n<p style=\"text-align: center;\"><span style=\"font-size: 12pt; font-family: 'times new roman', times, serif;\"><strong>Tambouille<\/strong><\/span><\/p>\n<p>&nbsp;<\/p>\n<p><span style=\"font-size: 12pt; font-family: 'times new roman', times, serif;\"><strong>Faites cuire<\/strong> la patate douce et <strong>r\u00e9duisez-la<\/strong> en pur\u00e9e<\/span><\/p>\n<p><span style=\"font-size: 12pt; font-family: 'times new roman', times, serif;\"><strong>Ajoutez<\/strong> les farines, la poudre \u00e0 lever et la cannelle \u00e0 la pur\u00e9e<\/span><\/p>\n<p><span style=\"font-size: 12pt; font-family: 'times new roman', times, serif;\"><strong>Ajoutez<\/strong> le miel et<strong> versez<\/strong> le lait en m\u00e9langeant, vous obtiendrez une p\u00e2te \u00e9paisse<\/span><\/p>\n<p><span style=\"font-size: 12pt; font-family: 'times new roman', times, serif;\"><strong>D\u00e9posez<\/strong> 2 cuill\u00e8res \u00e0 soupe de p\u00e2te dans une po\u00eale \u00e0 cr\u00eapes graiss\u00e9e,<strong> aplatissez<\/strong> la galette \u00e0 l&rsquo;aide d&rsquo;une spatule<\/span><\/p>\n<p><span style=\"font-size: 12pt; font-family: 'times new roman', times, serif;\"><strong>Faites-la cuire<\/strong> environ 3 minutes de chaque c\u00f4t\u00e9s en veillant \u00e0 bien l\u2019aplatir pour qu&rsquo;elle cuise \u00e0 c\u0153ur<\/span><\/p>\n<p><span style=\"font-size: 12pt; font-family: 'times new roman', times, serif;\"><strong>R\u00e9p\u00e9tez<\/strong> l&rsquo;op\u00e9ration avec le reste de p\u00e2te<\/span><\/p>\n<p style=\"text-align: left;\"><span style=\"font-size: 12pt; font-family: 'times new roman', times, serif;\"><strong>Laissez refroidir<\/strong><\/span><\/p>\n<p>&nbsp;<\/p>\n<p style=\"text-align: center;\"><span style=\"font-size: 12pt; font-family: 'times new roman', times, serif;\"><strong>D\u00e9vorez!<\/strong><\/span><\/p>\n<p>&nbsp;<\/p>\n<p><span style=\"font-size: 12pt; font-family: 'times new roman', times, serif;\"><em>Conseil d\u00e9gustation: avec un bon miel liquide et des pommes cuites&#8230;<\/em><\/span><\/p>\n<p><span style=\"font-size: 12pt; font-family: 'times new roman', times, serif;\"><em>P.S: Un commentaire me fait toujours tr\u00e8s plaisir, n&rsquo;h\u00e9sitez pas \u00e0 en laisser un sous cet article si vous testez la recette!<\/em><\/span><\/p>\n","protected":false},"excerpt":{"rendered":"<p>Guest stars du brunch du dimanche: des galettes de patate douce sucr\u00e9es \u00e0 la cannelle. Sucr\u00e9es? oui oui! On ne la pr\u00e9sente plus dans les plats sal\u00e9s (soupes, gaufres, frites, pur\u00e9es&#8230;) mais la patate douce fait aussi des merveilles dans les pr\u00e9parations sucr\u00e9es: il faut [&hellip;]<\/p>\n","protected":false},"author":1,"featured_media":6168,"comment_status":"open","ping_status":"open","sticky":false,"template":"","format":"standard","meta":{"footnotes":""},"categories":[910,539],"tags":[148,156,1852,215,314,158,20,133,146,19,15,59,1885,499],"class_list":["post-6166","post","type-post","status-publish","format-standard","has-post-thumbnail","hentry","category-coin-sucre","category-pancakes","tag-brunch","tag-cannelle","tag-farinedamande","tag-farinederiz","tag-galettes","tag-gouter","tag-healthy","tag-miel","tag-patatedouce","tag-petitdejeuner","tag-sansgluten","tag-sanslait","tag-sucree","tag-vegan"],"yoast_head":"<!-- This site is optimized with the Yoast SEO plugin v24.4 - https:\/\/yoast.com\/wordpress\/plugins\/seo\/ -->\n<title>Galettes de patate douce sucr\u00e9es \u00e0 la cannelle- sans gluten, vegan - Quinoa et Basmati<\/title>\n<meta name=\"description\" content=\"Galettes de patate douce sucr\u00e9es \u00e0 la cannelle, sans gluten, v\u00e9gans.\" \/>\n<meta name=\"robots\" content=\"index, follow, max-snippet:-1, max-image-preview:large, max-video-preview:-1\" \/>\n<link rel=\"canonical\" href=\"https:\/\/www.quinoaetbasmati.fr\/index.php\/2020\/04\/27\/galettes-de-patate-douce-sucrees-a-la-cannelle-sans-gluten-vegan\/\" \/>\n<meta property=\"og:locale\" content=\"fr_FR\" \/>\n<meta property=\"og:type\" content=\"article\" \/>\n<meta property=\"og:title\" content=\"Galettes de patate douce sucr\u00e9es \u00e0 la cannelle- sans gluten, vegan - Quinoa et Basmati\" \/>\n<meta property=\"og:description\" content=\"Galettes de patate douce sucr\u00e9es \u00e0 la cannelle, sans gluten, v\u00e9gans.\" \/>\n<meta property=\"og:url\" content=\"https:\/\/www.quinoaetbasmati.fr\/index.php\/2020\/04\/27\/galettes-de-patate-douce-sucrees-a-la-cannelle-sans-gluten-vegan\/\" \/>\n<meta property=\"og:site_name\" content=\"Quinoa et Basmati\" \/>\n<meta property=\"article:published_time\" content=\"2020-04-27T05:07:43+00:00\" \/>\n<meta property=\"og:image\" content=\"https:\/\/www.quinoaetbasmati.fr\/wp-content\/uploads\/2020\/04\/galettes2-scaled.jpg\" \/>\n\t<meta property=\"og:image:width\" content=\"2560\" \/>\n\t<meta property=\"og:image:height\" content=\"1755\" \/>\n\t<meta property=\"og:image:type\" content=\"image\/jpeg\" \/>\n<meta name=\"author\" content=\"Sarra\" \/>\n<meta name=\"twitter:card\" content=\"summary_large_image\" \/>\n<meta name=\"twitter:label1\" content=\"\u00c9crit par\" \/>\n\t<meta name=\"twitter:data1\" content=\"Sarra\" \/>\n\t<meta name=\"twitter:label2\" content=\"Dur\u00e9e de lecture estim\u00e9e\" \/>\n\t<meta name=\"twitter:data2\" content=\"2 minutes\" \/>\n<script type=\"application\/ld+json\" class=\"yoast-schema-graph\">{\"@context\":\"https:\/\/schema.org\",\"@graph\":[{\"@type\":\"Article\",\"@id\":\"https:\/\/www.quinoaetbasmati.fr\/index.php\/2020\/04\/27\/galettes-de-patate-douce-sucrees-a-la-cannelle-sans-gluten-vegan\/#article\",\"isPartOf\":{\"@id\":\"https:\/\/www.quinoaetbasmati.fr\/index.php\/2020\/04\/27\/galettes-de-patate-douce-sucrees-a-la-cannelle-sans-gluten-vegan\/\"},\"author\":{\"name\":\"Sarra\",\"@id\":\"https:\/\/www.quinoaetbasmati.fr\/#\/schema\/person\/21c75a6815a94cba09b349c791a05200\"},\"headline\":\"Galettes de patate douce sucr\u00e9es \u00e0 la cannelle- sans gluten, vegan\",\"datePublished\":\"2020-04-27T05:07:43+00:00\",\"mainEntityOfPage\":{\"@id\":\"https:\/\/www.quinoaetbasmati.fr\/index.php\/2020\/04\/27\/galettes-de-patate-douce-sucrees-a-la-cannelle-sans-gluten-vegan\/\"},\"wordCount\":318,\"commentCount\":4,\"publisher\":{\"@id\":\"https:\/\/www.quinoaetbasmati.fr\/#organization\"},\"image\":{\"@id\":\"https:\/\/www.quinoaetbasmati.fr\/index.php\/2020\/04\/27\/galettes-de-patate-douce-sucrees-a-la-cannelle-sans-gluten-vegan\/#primaryimage\"},\"thumbnailUrl\":\"https:\/\/www.quinoaetbasmati.fr\/wp-content\/uploads\/2020\/04\/galettes2-scaled.jpg\",\"keywords\":[\"brunch\",\"cannelle\",\"farinedamande\",\"farinederiz\",\"galettes\",\"go\u00fbter\",\"healthy\",\"miel\",\"patatedouce\",\"petitd\u00e9jeuner\",\"sansgluten\",\"sanslait\",\"sucr\u00e9e\",\"vegan\"],\"articleSection\":[\"Coin sucr\u00e9\",\"Cr\u00eapes, pancakes et gaufres\"],\"inLanguage\":\"fr-FR\",\"potentialAction\":[{\"@type\":\"CommentAction\",\"name\":\"Comment\",\"target\":[\"https:\/\/www.quinoaetbasmati.fr\/index.php\/2020\/04\/27\/galettes-de-patate-douce-sucrees-a-la-cannelle-sans-gluten-vegan\/#respond\"]}]},{\"@type\":\"WebPage\",\"@id\":\"https:\/\/www.quinoaetbasmati.fr\/index.php\/2020\/04\/27\/galettes-de-patate-douce-sucrees-a-la-cannelle-sans-gluten-vegan\/\",\"url\":\"https:\/\/www.quinoaetbasmati.fr\/index.php\/2020\/04\/27\/galettes-de-patate-douce-sucrees-a-la-cannelle-sans-gluten-vegan\/\",\"name\":\"Galettes de patate douce sucr\u00e9es \u00e0 la cannelle- sans gluten, vegan - Quinoa et Basmati\",\"isPartOf\":{\"@id\":\"https:\/\/www.quinoaetbasmati.fr\/#website\"},\"primaryImageOfPage\":{\"@id\":\"https:\/\/www.quinoaetbasmati.fr\/index.php\/2020\/04\/27\/galettes-de-patate-douce-sucrees-a-la-cannelle-sans-gluten-vegan\/#primaryimage\"},\"image\":{\"@id\":\"https:\/\/www.quinoaetbasmati.fr\/index.php\/2020\/04\/27\/galettes-de-patate-douce-sucrees-a-la-cannelle-sans-gluten-vegan\/#primaryimage\"},\"thumbnailUrl\":\"https:\/\/www.quinoaetbasmati.fr\/wp-content\/uploads\/2020\/04\/galettes2-scaled.jpg\",\"datePublished\":\"2020-04-27T05:07:43+00:00\",\"description\":\"Galettes de patate douce sucr\u00e9es \u00e0 la cannelle, sans gluten, v\u00e9gans.\",\"breadcrumb\":{\"@id\":\"https:\/\/www.quinoaetbasmati.fr\/index.php\/2020\/04\/27\/galettes-de-patate-douce-sucrees-a-la-cannelle-sans-gluten-vegan\/#breadcrumb\"},\"inLanguage\":\"fr-FR\",\"potentialAction\":[{\"@type\":\"ReadAction\",\"target\":[\"https:\/\/www.quinoaetbasmati.fr\/index.php\/2020\/04\/27\/galettes-de-patate-douce-sucrees-a-la-cannelle-sans-gluten-vegan\/\"]}]},{\"@type\":\"ImageObject\",\"inLanguage\":\"fr-FR\",\"@id\":\"https:\/\/www.quinoaetbasmati.fr\/index.php\/2020\/04\/27\/galettes-de-patate-douce-sucrees-a-la-cannelle-sans-gluten-vegan\/#primaryimage\",\"url\":\"https:\/\/www.quinoaetbasmati.fr\/wp-content\/uploads\/2020\/04\/galettes2-scaled.jpg\",\"contentUrl\":\"https:\/\/www.quinoaetbasmati.fr\/wp-content\/uploads\/2020\/04\/galettes2-scaled.jpg\",\"width\":2560,\"height\":1755,\"caption\":\"galettes de patate douce sucr\u00e9e\"},{\"@type\":\"BreadcrumbList\",\"@id\":\"https:\/\/www.quinoaetbasmati.fr\/index.php\/2020\/04\/27\/galettes-de-patate-douce-sucrees-a-la-cannelle-sans-gluten-vegan\/#breadcrumb\",\"itemListElement\":[{\"@type\":\"ListItem\",\"position\":1,\"name\":\"Accueil\",\"item\":\"https:\/\/www.quinoaetbasmati.fr\/\"},{\"@type\":\"ListItem\",\"position\":2,\"name\":\"Galettes de patate douce sucr\u00e9es \u00e0 la cannelle- sans gluten, vegan\"}]},{\"@type\":\"WebSite\",\"@id\":\"https:\/\/www.quinoaetbasmati.fr\/#website\",\"url\":\"https:\/\/www.quinoaetbasmati.fr\/\",\"name\":\"Quinoa et Basmati\",\"description\":\"Tambouilles saines et gourmandes\",\"publisher\":{\"@id\":\"https:\/\/www.quinoaetbasmati.fr\/#organization\"},\"potentialAction\":[{\"@type\":\"SearchAction\",\"target\":{\"@type\":\"EntryPoint\",\"urlTemplate\":\"https:\/\/www.quinoaetbasmati.fr\/?s={search_term_string}\"},\"query-input\":{\"@type\":\"PropertyValueSpecification\",\"valueRequired\":true,\"valueName\":\"search_term_string\"}}],\"inLanguage\":\"fr-FR\"},{\"@type\":\"Organization\",\"@id\":\"https:\/\/www.quinoaetbasmati.fr\/#organization\",\"name\":\"Quinoa et Basmati\",\"url\":\"https:\/\/www.quinoaetbasmati.fr\/\",\"logo\":{\"@type\":\"ImageObject\",\"inLanguage\":\"fr-FR\",\"@id\":\"https:\/\/www.quinoaetbasmati.fr\/#\/schema\/logo\/image\/\",\"url\":\"https:\/\/www.quinoaetbasmati.fr\/wp-content\/uploads\/2018\/01\/cropped-27604279_10156154691158069_1209813160_o-4.jpg\",\"contentUrl\":\"https:\/\/www.quinoaetbasmati.fr\/wp-content\/uploads\/2018\/01\/cropped-27604279_10156154691158069_1209813160_o-4.jpg\",\"width\":455,\"height\":175,\"caption\":\"Quinoa et Basmati\"},\"image\":{\"@id\":\"https:\/\/www.quinoaetbasmati.fr\/#\/schema\/logo\/image\/\"}},{\"@type\":\"Person\",\"@id\":\"https:\/\/www.quinoaetbasmati.fr\/#\/schema\/person\/21c75a6815a94cba09b349c791a05200\",\"name\":\"Sarra\",\"image\":{\"@type\":\"ImageObject\",\"inLanguage\":\"fr-FR\",\"@id\":\"https:\/\/www.quinoaetbasmati.fr\/#\/schema\/person\/image\/\",\"url\":\"https:\/\/secure.gravatar.com\/avatar\/c0b39ca0d8387dd6fa9f63e57d897929f78c0e468fae66ce7d91f34122a1c1d1?s=96&d=mm&r=g\",\"contentUrl\":\"https:\/\/secure.gravatar.com\/avatar\/c0b39ca0d8387dd6fa9f63e57d897929f78c0e468fae66ce7d91f34122a1c1d1?s=96&d=mm&r=g\",\"caption\":\"Sarra\"},\"url\":\"https:\/\/www.quinoaetbasmati.fr\/index.php\/author\/sarra\/\"}]}<\/script>\n<!-- \/ Yoast SEO plugin. -->","yoast_head_json":{"title":"Galettes de patate douce sucr\u00e9es \u00e0 la cannelle- sans gluten, vegan - Quinoa et Basmati","description":"Galettes de patate douce sucr\u00e9es \u00e0 la cannelle, sans gluten, v\u00e9gans.","robots":{"index":"index","follow":"follow","max-snippet":"max-snippet:-1","max-image-preview":"max-image-preview:large","max-video-preview":"max-video-preview:-1"},"canonical":"https:\/\/www.quinoaetbasmati.fr\/index.php\/2020\/04\/27\/galettes-de-patate-douce-sucrees-a-la-cannelle-sans-gluten-vegan\/","og_locale":"fr_FR","og_type":"article","og_title":"Galettes de patate douce sucr\u00e9es \u00e0 la cannelle- sans gluten, vegan - Quinoa et Basmati","og_description":"Galettes de patate douce sucr\u00e9es \u00e0 la cannelle, sans gluten, v\u00e9gans.","og_url":"https:\/\/www.quinoaetbasmati.fr\/index.php\/2020\/04\/27\/galettes-de-patate-douce-sucrees-a-la-cannelle-sans-gluten-vegan\/","og_site_name":"Quinoa et Basmati","article_published_time":"2020-04-27T05:07:43+00:00","og_image":[{"width":2560,"height":1755,"url":"https:\/\/www.quinoaetbasmati.fr\/wp-content\/uploads\/2020\/04\/galettes2-scaled.jpg","type":"image\/jpeg"}],"author":"Sarra","twitter_card":"summary_large_image","twitter_misc":{"\u00c9crit par":"Sarra","Dur\u00e9e de lecture estim\u00e9e":"2 minutes"},"schema":{"@context":"https:\/\/schema.org","@graph":[{"@type":"Article","@id":"https:\/\/www.quinoaetbasmati.fr\/index.php\/2020\/04\/27\/galettes-de-patate-douce-sucrees-a-la-cannelle-sans-gluten-vegan\/#article","isPartOf":{"@id":"https:\/\/www.quinoaetbasmati.fr\/index.php\/2020\/04\/27\/galettes-de-patate-douce-sucrees-a-la-cannelle-sans-gluten-vegan\/"},"author":{"name":"Sarra","@id":"https:\/\/www.quinoaetbasmati.fr\/#\/schema\/person\/21c75a6815a94cba09b349c791a05200"},"headline":"Galettes de patate douce sucr\u00e9es \u00e0 la cannelle- sans gluten, vegan","datePublished":"2020-04-27T05:07:43+00:00","mainEntityOfPage":{"@id":"https:\/\/www.quinoaetbasmati.fr\/index.php\/2020\/04\/27\/galettes-de-patate-douce-sucrees-a-la-cannelle-sans-gluten-vegan\/"},"wordCount":318,"commentCount":4,"publisher":{"@id":"https:\/\/www.quinoaetbasmati.fr\/#organization"},"image":{"@id":"https:\/\/www.quinoaetbasmati.fr\/index.php\/2020\/04\/27\/galettes-de-patate-douce-sucrees-a-la-cannelle-sans-gluten-vegan\/#primaryimage"},"thumbnailUrl":"https:\/\/www.quinoaetbasmati.fr\/wp-content\/uploads\/2020\/04\/galettes2-scaled.jpg","keywords":["brunch","cannelle","farinedamande","farinederiz","galettes","go\u00fbter","healthy","miel","patatedouce","petitd\u00e9jeuner","sansgluten","sanslait","sucr\u00e9e","vegan"],"articleSection":["Coin sucr\u00e9","Cr\u00eapes, pancakes et gaufres"],"inLanguage":"fr-FR","potentialAction":[{"@type":"CommentAction","name":"Comment","target":["https:\/\/www.quinoaetbasmati.fr\/index.php\/2020\/04\/27\/galettes-de-patate-douce-sucrees-a-la-cannelle-sans-gluten-vegan\/#respond"]}]},{"@type":"WebPage","@id":"https:\/\/www.quinoaetbasmati.fr\/index.php\/2020\/04\/27\/galettes-de-patate-douce-sucrees-a-la-cannelle-sans-gluten-vegan\/","url":"https:\/\/www.quinoaetbasmati.fr\/index.php\/2020\/04\/27\/galettes-de-patate-douce-sucrees-a-la-cannelle-sans-gluten-vegan\/","name":"Galettes de patate douce sucr\u00e9es \u00e0 la cannelle- sans gluten, vegan - Quinoa et Basmati","isPartOf":{"@id":"https:\/\/www.quinoaetbasmati.fr\/#website"},"primaryImageOfPage":{"@id":"https:\/\/www.quinoaetbasmati.fr\/index.php\/2020\/04\/27\/galettes-de-patate-douce-sucrees-a-la-cannelle-sans-gluten-vegan\/#primaryimage"},"image":{"@id":"https:\/\/www.quinoaetbasmati.fr\/index.php\/2020\/04\/27\/galettes-de-patate-douce-sucrees-a-la-cannelle-sans-gluten-vegan\/#primaryimage"},"thumbnailUrl":"https:\/\/www.quinoaetbasmati.fr\/wp-content\/uploads\/2020\/04\/galettes2-scaled.jpg","datePublished":"2020-04-27T05:07:43+00:00","description":"Galettes de patate douce sucr\u00e9es \u00e0 la cannelle, sans gluten, v\u00e9gans.","breadcrumb":{"@id":"https:\/\/www.quinoaetbasmati.fr\/index.php\/2020\/04\/27\/galettes-de-patate-douce-sucrees-a-la-cannelle-sans-gluten-vegan\/#breadcrumb"},"inLanguage":"fr-FR","potentialAction":[{"@type":"ReadAction","target":["https:\/\/www.quinoaetbasmati.fr\/index.php\/2020\/04\/27\/galettes-de-patate-douce-sucrees-a-la-cannelle-sans-gluten-vegan\/"]}]},{"@type":"ImageObject","inLanguage":"fr-FR","@id":"https:\/\/www.quinoaetbasmati.fr\/index.php\/2020\/04\/27\/galettes-de-patate-douce-sucrees-a-la-cannelle-sans-gluten-vegan\/#primaryimage","url":"https:\/\/www.quinoaetbasmati.fr\/wp-content\/uploads\/2020\/04\/galettes2-scaled.jpg","contentUrl":"https:\/\/www.quinoaetbasmati.fr\/wp-content\/uploads\/2020\/04\/galettes2-scaled.jpg","width":2560,"height":1755,"caption":"galettes de patate douce sucr\u00e9e"},{"@type":"BreadcrumbList","@id":"https:\/\/www.quinoaetbasmati.fr\/index.php\/2020\/04\/27\/galettes-de-patate-douce-sucrees-a-la-cannelle-sans-gluten-vegan\/#breadcrumb","itemListElement":[{"@type":"ListItem","position":1,"name":"Accueil","item":"https:\/\/www.quinoaetbasmati.fr\/"},{"@type":"ListItem","position":2,"name":"Galettes de patate douce sucr\u00e9es \u00e0 la cannelle- sans gluten, vegan"}]},{"@type":"WebSite","@id":"https:\/\/www.quinoaetbasmati.fr\/#website","url":"https:\/\/www.quinoaetbasmati.fr\/","name":"Quinoa et Basmati","description":"Tambouilles saines et gourmandes","publisher":{"@id":"https:\/\/www.quinoaetbasmati.fr\/#organization"},"potentialAction":[{"@type":"SearchAction","target":{"@type":"EntryPoint","urlTemplate":"https:\/\/www.quinoaetbasmati.fr\/?s={search_term_string}"},"query-input":{"@type":"PropertyValueSpecification","valueRequired":true,"valueName":"search_term_string"}}],"inLanguage":"fr-FR"},{"@type":"Organization","@id":"https:\/\/www.quinoaetbasmati.fr\/#organization","name":"Quinoa et Basmati","url":"https:\/\/www.quinoaetbasmati.fr\/","logo":{"@type":"ImageObject","inLanguage":"fr-FR","@id":"https:\/\/www.quinoaetbasmati.fr\/#\/schema\/logo\/image\/","url":"https:\/\/www.quinoaetbasmati.fr\/wp-content\/uploads\/2018\/01\/cropped-27604279_10156154691158069_1209813160_o-4.jpg","contentUrl":"https:\/\/www.quinoaetbasmati.fr\/wp-content\/uploads\/2018\/01\/cropped-27604279_10156154691158069_1209813160_o-4.jpg","width":455,"height":175,"caption":"Quinoa et Basmati"},"image":{"@id":"https:\/\/www.quinoaetbasmati.fr\/#\/schema\/logo\/image\/"}},{"@type":"Person","@id":"https:\/\/www.quinoaetbasmati.fr\/#\/schema\/person\/21c75a6815a94cba09b349c791a05200","name":"Sarra","image":{"@type":"ImageObject","inLanguage":"fr-FR","@id":"https:\/\/www.quinoaetbasmati.fr\/#\/schema\/person\/image\/","url":"https:\/\/secure.gravatar.com\/avatar\/c0b39ca0d8387dd6fa9f63e57d897929f78c0e468fae66ce7d91f34122a1c1d1?s=96&d=mm&r=g","contentUrl":"https:\/\/secure.gravatar.com\/avatar\/c0b39ca0d8387dd6fa9f63e57d897929f78c0e468fae66ce7d91f34122a1c1d1?s=96&d=mm&r=g","caption":"Sarra"},"url":"https:\/\/www.quinoaetbasmati.fr\/index.php\/author\/sarra\/"}]}},"_links":{"self":[{"href":"https:\/\/www.quinoaetbasmati.fr\/index.php\/wp-json\/wp\/v2\/posts\/6166","targetHints":{"allow":["GET"]}}],"collection":[{"href":"https:\/\/www.quinoaetbasmati.fr\/index.php\/wp-json\/wp\/v2\/posts"}],"about":[{"href":"https:\/\/www.quinoaetbasmati.fr\/index.php\/wp-json\/wp\/v2\/types\/post"}],"author":[{"embeddable":true,"href":"https:\/\/www.quinoaetbasmati.fr\/index.php\/wp-json\/wp\/v2\/users\/1"}],"replies":[{"embeddable":true,"href":"https:\/\/www.quinoaetbasmati.fr\/index.php\/wp-json\/wp\/v2\/comments?post=6166"}],"version-history":[{"count":6,"href":"https:\/\/www.quinoaetbasmati.fr\/index.php\/wp-json\/wp\/v2\/posts\/6166\/revisions"}],"predecessor-version":[{"id":6174,"href":"https:\/\/www.quinoaetbasmati.fr\/index.php\/wp-json\/wp\/v2\/posts\/6166\/revisions\/6174"}],"wp:featuredmedia":[{"embeddable":true,"href":"https:\/\/www.quinoaetbasmati.fr\/index.php\/wp-json\/wp\/v2\/media\/6168"}],"wp:attachment":[{"href":"https:\/\/www.quinoaetbasmati.fr\/index.php\/wp-json\/wp\/v2\/media?parent=6166"}],"wp:term":[{"taxonomy":"category","embeddable":true,"href":"https:\/\/www.quinoaetbasmati.fr\/index.php\/wp-json\/wp\/v2\/categories?post=6166"},{"taxonomy":"post_tag","embeddable":true,"href":"https:\/\/www.quinoaetbasmati.fr\/index.php\/wp-json\/wp\/v2\/tags?post=6166"}],"curies":[{"name":"wp","href":"https:\/\/api.w.org\/{rel}","templated":true}]}}